
[{"id":77027,"fecha_creacion":"2026-09-01 11:10:25","fecha_modificacion":"2026-09-01 11:15:52","imagen_mini":"https:\/\/www.burjassot.org\/wp-content\/uploads\/2026\/09\/A3_Ecomobils_EMTRE_SETEMBRE_def-03-150x150.jpg","imagen_grande":"https:\/\/www.burjassot.org\/wp-content\/uploads\/2026\/09\/A3_Ecomobils_EMTRE_SETEMBRE_def-03.jpg","titulo_va":"L&#8217;Ecoparc m\u00f2bil visitar\u00e0 Burjassot en dos ocasions, al setembre","titulo_es":"Burjassot recibir\u00e1 en dos ocasiones al Ecoparque m\u00f3vil de la Emtre durante septiembre","contenido_va":"<p><strong>L&#8217;Ecoparc M\u00f2bil de l&#8217;Entitat Metropolitana de Tractament de Residus (EMTRE)<\/strong> torna a Burjassot al setembre, amb l&#8217;objectiu d&#8217;ajudar la ciutadania a reciclar, de manera correcta.<\/p>\n<p>L&#8217;Ecoparc <strong>donar\u00e0 servei al municipi en dos ocasions: del 3 al 5 de setembre i a finals de mes, del 21 al 23 de setembre<\/strong> en la seua ubicaci\u00f3 habitual, l&#8217;aparcament de Les Palmeres, al costat del Mercat Municipal l\u2019Almara.\u00a0L&#8217;horari per a aix\u00f2 ser\u00e0 <strong>de 10.00 a 14.00 hores i de 16.00 a 19.00 hores, els dies entre setmana, i de 10.00 a 13.00 hores el dissabte 5 de setembre.<\/strong><\/p>\n<p>El ve\u00efnat de Burjassot podr\u00e0 a l&#8217;ecoparc residus com ara bateries, m\u00f2bils, oli de motor, xicotets electrodom\u00e8stics o cartutxos d&#8217;impressora, entre altres.<\/p>\n<p>Els Ecoparcs m\u00f2bils de la Emtre s\u00f3n instal\u00b7lacions de recollida selectiva de residus que arriben a Burjassot de mans de l&#8217;Oficina de Sostenibilitat Local, coordinada des de la Regidoria de Medi Ambient, dirigida per Estefan\u00eda Ballesteros.<\/p>\n<p>A l&#8217;octubre, l&#8217;Ecoparc tornar\u00e0 a visitar el municipi en dos ocasions, els dies 8 i 10 i del 26 al 28.<\/p>\n","contenido_es":"<p>Cita obligada mes a mes en el municipio, en septiembre el Ecoparque M\u00f3vil de la Entidad Metropolitana de Tratamiento de Residuos (EMTRE) vuelve a Burjassot con el objetivo de ayudar a la ciudadan\u00eda a reciclar, de manera correcta.<\/p>\n<p>En este mes, el Ecoparque estar\u00e1 en el municipio en dos ocasiones: <strong>a principios de mes, del d\u00eda 3 al 5 de septiembre y a finales, del 21 al 23 de septiembre<\/strong> en su ubicaci\u00f3n habitual, el aparcamiento de Las Palmeras, pr\u00f3ximo al Mercado Municipal l\u2019Almara.<\/p>\n<p>Las y los vecinos de Burjassot podr\u00e1n llevar los residuos tales como bater\u00edas, m\u00f3viles, aceite de motor, peque\u00f1os electrodom\u00e9sticos o cartuchos de impresora, entre otros<strong>. El horario para ello ser\u00e1 de 10.00 a 14.00 horas y de 16.00 a 19.00 horas, los d\u00edas entre semana, y de 10.00 a 13.00 horas el s\u00e1bado 5 de septiembre<\/strong>.<\/p>\n<p>Los Ecoparques m\u00f3viles de la Emtre <strong>son instalaciones de recogida selectiva de residuos que llegan a Burjassot<\/strong> de manos de la Oficina de Sostenibilidad Local, <strong>coordinada desde la Concejal\u00eda de Medio Ambiente, dirigida por Estefan\u00eda Ballesteros<\/strong>.<\/p>\n<p>En el mes de octubre el Ecoparque volver\u00e1 a visitar el municipio en dos ocasiones, <strong>los d\u00edas 8 y 10 de octubre y del 26 al 28 <\/strong>del mismo mes.<\/p>\n"},{"id":77033,"fecha_creacion":"2026-09-01 11:48:35","fecha_modificacion":"2026-09-01 11:56:31","imagen_mini":"https:\/\/www.burjassot.org\/wp-content\/uploads\/2026\/09\/eixam-506487866-large-150x150.jpg","imagen_grande":"https:\/\/www.burjassot.org\/wp-content\/uploads\/2026\/09\/eixam-506487866-large.jpg","titulo_va":"La valenciana \u00abEixam\u00bb tanca les nits de cinema a l&#8217;aire lliure a l&#8217;Auditori de la Casa de Cultura","titulo_es":"La valenciana \u00abEixam\u00bb cierra las noches de cine al aire libre en el Auditorio de la Casa de Cultura","contenido_va":"<p>El cinema a l&#8217;aire lliure a Burjassot es prepara per a acomiadar-se amb una \u00faltima cita en la pantalla gran i amb segell valenci\u00e0. <strong>L&#8217;Auditori de la Casa de Cultura tancar\u00e0 la seua temporada cinematogr\u00e0fica amb<em> Eixam<\/em>,<\/strong> el llargmetratge dirigit per \u00d2scar Bern\u00e0cer, que podr\u00e0 veure&#8217;s durant tres nits consecutives, del <strong>divendres 4 al diumenge 6 de setembre, en la sessi\u00f3 de les 22.15 h.<\/strong><\/p>\n<p>El thriller rural, rodat en valenci\u00e0, est\u00e0 protagonitzat un elenc eminentment valenci\u00e0 encap\u00e7alat per Pablo Molinero, Cristina Fern\u00e1ndez Pintado, Mar\u00eda Maroto i Pablo Derqui, al costat d&#8217;int\u00e8rprets com Abdelatif Hwidar, \u00c0ngel F\u00edgols, Gloria March i Marta Belenguer. Amb una duraci\u00f3 de 100 minuts, es tracta del nou treball d&#8217;\u00d2scar Bern\u00e0cer, amb gui\u00f3 de Joana M. Ortueta i Jorge Juan Mart\u00ednez. La cinta arriba a les sales espanyoles el mateix 4 de setembre, coincidint amb la seua primera projecci\u00f3 a l&#8217;Auditori de la Casa de Cultura.<\/p>\n<p>Eixam conta la hist\u00f2ria de Lluc, un home que l&#8217;ha perdut tot i al qual Alba oferix una eixida: integrar-se en un llogaret a\u00efllat on un grup de persones conviu en una comunitat aparentment harm\u00f2nica. Lluc s&#8217;aferra a esta segona oportunitat, apr\u00e9n a viure sota les normes de la comunitat i troba l&#8217;amor de Silvia. No obstant aix\u00f2, a poc a poc, el miratge comen\u00e7a a clivellar-se i ixen a la llum la perversi\u00f3 del sistema creat per Alba i els foscos secrets que s&#8217;amaguen despr\u00e9s dels seus or\u00edgens.<\/p>\n<p>Despr\u00e9s de les tres sessions a l&#8217;Auditori, el p\u00fablic de Burjassot tindr\u00e0 una nova oportunitat de gaudir d&#8217;Eixam al Cine T\u00edvoli, on la pel\u00b7l\u00edcula tornar\u00e0 a projectar-se en versi\u00f3 original en valenci\u00e0 amb subt\u00edtols en castell\u00e0. En este cas, <strong>les sessions tindran lloc el divendres 11 de setembre, a les 20.15 hores; el dissabte 12, a les 19.15 hores; i el dilluns 14, a les 18.00 hores.<\/strong> A m\u00e9s, la sessi\u00f3 del dissabte 12 de setembre comptar\u00e0 amb un atractiu afegit: <strong>\u00d2scar Bern\u00e0cer acudir\u00e0 al Cinema T\u00edvoli per a presentar la pel\u00b7l\u00edcula i participar en un col\u00b7loqui<\/strong> amb el p\u00fablic, oferint l&#8217;oportunitat de con\u00e9ixer de primera m\u00e0 el proc\u00e9s creatiu i els detalls del seu nou llarg.<\/p>\n<p>Les entrades per a gaudir del cinema local tenen un preu \u00fanic de quatre euros i es poden adquirir telem\u00e0ticament en la <a href=\"https:\/\/exhicine.es\/cine\/auditori-burjassot\/\"><strong>p\u00e0gina web del Cine T\u00edvoli<\/strong><\/a> i en la taquilla, des de 45 minuts abans de l&#8217;inici de cada projecci\u00f3.<\/p>\n","contenido_es":"<p>El cine al aire libre en Burjassot se prepara para despedirse con una \u00faltima cita en la gran pantalla y con sello valenciano<strong>. El Auditorio de la Casa de Cultura cerrar\u00e1 su temporada cinematogr\u00e1fica con <em>Eixam<\/em><\/strong>, el largometraje dirigido por \u00d2scar Bern\u00e0cer, que podr\u00e1 verse durante tres noches consecutivas, <strong>del viernes 4 al domingo 6 de septiembre, en la sesi\u00f3n de las 22.15 h.<\/strong><\/p>\n<p>El thriller rural, rodado en valenciano, est\u00e1 protagonizado un elenco eminentemente valenciano encabezado por Pablo Molinero, Cristina Fern\u00e1ndez Pintado, Mar\u00eda Maroto y Pablo Derqui, junto a int\u00e9rpretes como Abdelatif Hwidar, \u00c0ngel F\u00edgols, Gloria March y Marta Belenguer. Con una duraci\u00f3n de 100 minutos, se trata del nuevo trabajo de \u00d2scar Bern\u00e0cer, con guion de Joana M. Ortueta y Jorge Juan Mart\u00ednez. La cinta llega a las salas espa\u00f1olas el mismo 4 de septiembre, coincidiendo con su primera proyecci\u00f3n en el Auditorio de la Casa de Cultura.<\/p>\n<p><em>Eixam<\/em> (<em>Enjambre<\/em>) cuenta la historia de Lluc, un hombre que lo ha perdido todo y al que Alba ofrece una salida: integrarse en una aldea aislada donde un grupo de personas convive en una comunidad aparentemente arm\u00f3nica. Lluc se aferra a esta segunda oportunidad, aprende a vivir bajo las normas de la comunidad y encuentra el amor de Silvia. Sin embargo, poco a poco, el espejismo comienza a resquebrajarse y salen a la luz la perversi\u00f3n del sistema creado por Alba y los oscuros secretos que se esconden tras sus or\u00edgenes.<\/p>\n<p>Tras las tres sesiones en el Auditorio, <strong>el p\u00fablico de Burjassot tendr\u00e1 una nueva oportunidad de disfrutar de <em>Eixam<\/em> en el Cine T\u00edvoli<\/strong>, donde la pel\u00edcula volver\u00e1 a proyectarse en versi\u00f3n original en valenciano con subt\u00edtulos en castellano. En este caso, las sesiones tendr\u00e1n lugar <strong>el viernes 11 de septiembre, a las 20.15 horas; el s\u00e1bado 12, a las 19.15 horas; y el lunes 14, a las 18.00 horas<\/strong>. Adem\u00e1s, <strong>la sesi\u00f3n del s\u00e1bado 12 de septiembre contar\u00e1 con un atractivo a\u00f1adido: \u00d2scar Bern\u00e0cer <\/strong>acudir\u00e1 al Cine T\u00edvoli para <strong>presentar la pel\u00edcula y participar en un coloquio con el p\u00fablico<\/strong>, ofreciendo la oportunidad de conocer de primera mano el proceso creativo y los detalles de su nuevo largo.<\/p>\n<p>Las entradas para disfrutar del cine local tienen un precio \u00fanico de cuatro euros y se pueden adquirir telem\u00e1ticamente en la <a href=\"https:\/\/exhicine.es\/cine\/auditori-burjassot\/\">p\u00e1gina web del Cine T\u00edvoli<\/a> y en la taquilla, desde 45 minutos antes del inicio de cada proyecci\u00f3n.<\/p>\n"},{"id":77069,"fecha_creacion":"2026-09-02 10:34:58","fecha_modificacion":"2026-09-02 10:41:07","imagen_mini":"https:\/\/www.burjassot.org\/wp-content\/uploads\/2026\/09\/el_ser_querido-751969963-large-150x150.jpg","imagen_grande":"https:\/\/www.burjassot.org\/wp-content\/uploads\/2026\/09\/el_ser_querido-751969963-large.jpg","titulo_va":"El cinema espanyol protagonitza la cartellera del primer cap de setmana de setembre en el T\u00edvoli amb \u00abEl ser querido\u00bb i el retorn de \u00abTadeo Jones\u00bb","titulo_es":"El cine espa\u00f1ol protagoniza la cartelera del primer fin de semana de septiembre en el T\u00edvoli con \u00abEl ser querido\u00bb y el regreso de \u00abTadeo Jones\u00bb","contenido_va":"<p><strong>El Cine T\u00edvoli<\/strong> dona la benvinguda al primer cap de setmana de setembre amb una<strong> cartellera protagonitzada pel cinema espanyo<\/strong>l i dos propostes dirigides a p\u00fablics diferents. D&#8217;una banda, l&#8217;animaci\u00f3 i l&#8217;aventura familiar arriben de la m\u00e0 de <em>Tadeo Jones y la l\u00e1mpara maravillosa<\/em>, el nou lliurament d&#8217;una de les sagues m\u00e9s populars del cinema d&#8217;animaci\u00f3 nacional. Per un altre, Rodrigo Sorogoyen torna a la pantalla gran amb <em>El ser querido<\/em>, el seu nou llargmetratge protagonitzat per Javier Bardem i Victoria Luengo. <strong>Del divendres 4 al dilluns 7 de setembre,<\/strong> el p\u00fablic de Burjassot podr\u00e0 gaudir de les dos estrenes al Cinema T\u00edvoli.<\/p>\n<p>L&#8217;arque\u00f2leg m\u00e9s fam\u00f3s de l&#8217;animaci\u00f3 espanyola torna amb una nova aventura, <a href=\"https:\/\/www.youtube.com\/watch?v=tSidpJ-M0os\"><em><strong>Tadeo Jones y la l\u00e1mpara maravillosa<\/strong><\/em><\/a>, dirigida per Enrique Gato. En esta ocasi\u00f3, Tadeo i Sara s&#8217;han convertit en pares d&#8217;Ol\u00edmpia, una intr\u00e8pida xiqueta de dos anys que ha despla\u00e7at a M\u00f2mia com a centre de totes les atencions. Durant unes vacacions a Londres, la busca del llegendari llum meravell\u00f3s de Les mil i una nits provocar\u00e0 un inesperat viatge en el temps que obligar\u00e0 a Tadeo, Sara i els seus inseparables companys a rec\u00f3rrer diferents racons del m\u00f3n per a evitar que el curs de la hist\u00f2ria canvie per sempre. <em>Tadeo Jones y la l\u00e1mpara maravillosa<\/em>, per a tots els p\u00fablics, podr\u00e0 veure&#8217;s <strong>el divendres 4 i el dissabte 5, a les 18.00 i a les 20.15 h; i el diumenge 6 i el dilluns 7, a les 18.00 h.<\/strong><\/p>\n<p>La segona proposta de la cartellera \u00e9s <a href=\"https:\/\/www.youtube.com\/watch?v=ApdPm1KWUcc\"><strong><em>El ser querido<\/em><\/strong><\/a>, la nova pel\u00b7l\u00edcula de Rodrigo Sorogoyen, escrita al costat del seu habitual col\u00b7laboradora Isabel Pe\u00f1a i protagonitzada per Javier Bardem i Victoria Luengo. La hist\u00f2ria gira entorn d&#8217;Esteban, un director de cinema, i la seua filla Emilia, actriu, que tornen a trobar-se despr\u00e9s d&#8217;anys de distanciament. A partir d&#8217;eixe retrobament, la pel\u00b7l\u00edcula s&#8217;endinsa en una complexa relaci\u00f3 paternofilial marcada per silencis, ferides del passat i dificultats per a comunicar-se. <em>El ser querido<\/em> es projectar\u00e0 el <strong>divendres 4 i el dissabte 5, a les 22.30 h; i el diumenge 6 i el dilluns 7, a les 20.15 h.<\/strong><\/p>\n<p>Les entrades per a gaudir de les estrenes m\u00e9s actuals al cinema local tenen un preu \u00fanic de quatre euros i poden adquirir-se telem\u00e0ticament en la <a href=\"https:\/\/exhicine.es\/cine\/cine-tivoli\/\"><strong>p\u00e0gina web del Cine T\u00edvoli<\/strong><\/a> i en la taquilla, des de 45 minuts abans de cada projecci\u00f3.<\/p>\n","contenido_es":"<p>El <strong>Cine T\u00edvoli<\/strong> da la bienvenida al primer fin de semana de septiembre con una cartelera protagonizada por el cine espa\u00f1ol y dos propuestas dirigidas a p\u00fablicos diferentes. Por un lado, la animaci\u00f3n y la aventura familiar llegan de la mano de <em>Tadeo Jones y la l\u00e1mpara maravillosa<\/em>, la nueva entrega de una de las sagas m\u00e1s populares del cine de animaci\u00f3n nacional. Por otro, Rodrigo Sorogoyen regresa a la gran pantalla con <em>El ser querido<\/em>, su nuevo largometraje protagonizado por Javier Bardem y Victoria Luengo. <strong>Del viernes 4 al lunes 7 de septiembre<\/strong>, el p\u00fablico de Burjassot podr\u00e1 disfrutar de ambos estrenos en el Cine T\u00edvoli.<\/p>\n<p>El arque\u00f3logo m\u00e1s famoso de la animaci\u00f3n espa\u00f1ola regresa con una nueva aventura<em>, <strong><a href=\"https:\/\/www.youtube.com\/watch?v=tSidpJ-M0os\">Tadeo Jones y la l\u00e1mpara maravillosa<\/a><\/strong><\/em>, dirigida por Enrique Gato. En esta ocasi\u00f3n, Tadeo y Sara se han convertido en padres de Olimpia, una intr\u00e9pida ni\u00f1a de dos a\u00f1os que ha desplazado a Momia como centro de todas las atenciones. Durante unas vacaciones en Londres, la b\u00fasqueda de la legendaria l\u00e1mpara maravillosa de <em>Las mil y una noches<\/em> provocar\u00e1 un inesperado viaje en el tiempo que obligar\u00e1 a Tadeo, Sara y sus inseparables compa\u00f1eros a recorrer distintos rincones del mundo para evitar que el curso de la historia cambie para siempre. <em>Tadeo Jones y la l\u00e1mpara maravillosa<\/em>, para todos los p\u00fablicos, podr\u00e1 verse el <strong>viernes 4 y el s\u00e1bado 5, a las 18.00 y a las 20.15 h; y el domingo 6 y el lunes 7, a las 18.00 h<\/strong>.<\/p>\n<p>La segunda propuesta de la cartelera es <strong><em><a href=\"https:\/\/www.youtube.com\/watch?v=ApdPm1KWUcc\">El ser querido<\/a><\/em><\/strong>, la nueva pel\u00edcula de Rodrigo Sorogoyen, escrita junto a su habitual colaboradora Isabel Pe\u00f1a y protagonizada por Javier Bardem y Victoria Luengo. La historia gira en torno a Esteban, un director de cine, y su hija Emilia, actriz, que vuelven a encontrarse despu\u00e9s de a\u00f1os de distanciamiento. A partir de ese reencuentro, la pel\u00edcula se adentra en una compleja relaci\u00f3n paternofilial marcada por silencios, heridas del pasado y dificultades para comunicarse. <em>El ser querido<\/em> se proyectar\u00e1 el <strong>viernes 4 y el s\u00e1bado 5, a las 22.30 h; y el domingo 6 y el lunes 7, a las 20.15 h<\/strong>.<\/p>\n<p>Las entradas para disfrutar de los estrenos m\u00e1s actuales en el cine local tienen un precio \u00fanico de cuatro euros y pueden adquirirse telem\u00e1ticamente en la<strong> <a href=\"https:\/\/exhicine.es\/cine\/cine-tivoli\/\">p\u00e1gina web del Cine T\u00edvoli<\/a><\/strong> y en la taquilla, desde 45 minutos antes de cada proyecci\u00f3n.<\/p>\n"},{"id":77059,"fecha_creacion":"2026-09-01 13:54:06","fecha_modificacion":"2026-09-01 13:59:25","imagen_mini":"https:\/\/www.burjassot.org\/wp-content\/uploads\/2026\/09\/Torneo-Los-Silos-futbol-sala-septiembre-2026-150x150.jpg","imagen_grande":"https:\/\/www.burjassot.org\/wp-content\/uploads\/2026\/09\/Torneo-Los-Silos-futbol-sala-septiembre-2026.jpg","titulo_va":"El CFS Parque Los Silos celebra el II Trofeu \u201cLos Silos\u201d de futbol sala","titulo_es":"Burjassot acoge el II Trofeo \u201cLos Silos\u201d de f\u00fatbol sala de manos del CFS Parque Los Silos","contenido_va":"<p>Comen\u00e7a la temporada esportiva a Burjassot i ho fa en gran. <strong>El dissabte 5 de setembre,\u00a0el CFS Parc Los Silos Burjassot celebra la<\/strong> <strong>segona edici\u00f3 del Trofeu Los Silos Burjassot\u00a0de futbol sala.<\/strong> El torneig tindr\u00e0 lloc a partir de les 20.15 hores, en el Pavell\u00f3 Municipal, dins del Poliesportiu.<\/p>\n<p>L&#8217;equip amfitri\u00f3 s&#8217;enfrontar\u00e0 al Club Esportiu Cumbres, de categoria preferent.<\/p>\n<p>Una vesprada per a gaudir de l&#8217;esport, compartir bons moments i, sobretot, continuar fent del futbol sala un punt de trobada i d&#8217;uni\u00f3 per a Burjassot, tal com assenyalen des del club local.<\/p>\n","contenido_es":"<p>Empieza la temporada deportiva en Burjassot y lo hace a lo grande. Este fin de semana, concretamente el <strong>s\u00e1bado 5 de septiembre a partir de las 20.15 horas en el Pabell\u00f3n Municipal, <\/strong>dentro del Polideportivo<strong>,<\/strong> tendr\u00e1 lugar la segunda edici\u00f3n del Trofeo Los Silos Burjassot, de f\u00fatbol sala, que llega de manos del CFS Parque Los Silos Burjassot.<\/p>\n<p>El equipo anfitri\u00f3n <strong>se enfrentar\u00e1 al Club Deportivo Cumbres<\/strong>, de categor\u00eda preferente, en una nueva edici\u00f3n de su trofeo.<\/p>\n<p>Una tarde-noche para disfrutar del deporte, compartir buenos momentos y, sobre todo, seguir haciendo del f\u00fatbol sala un punto de encuentro y de uni\u00f3n para Burjassot, <strong>tal y como han se\u00f1alado desde el club<\/strong>.<\/p>\n"},{"id":77085,"fecha_creacion":"2026-09-03 08:24:54","fecha_modificacion":"2026-09-03 08:32:22","imagen_mini":"https:\/\/www.burjassot.org\/wp-content\/uploads\/2026\/09\/26-09_sang_3-150x150.png","imagen_grande":"https:\/\/www.burjassot.org\/wp-content\/uploads\/2026\/09\/26-09_sang_3.png","titulo_va":"Burjassot acull quatre jornades de donaci\u00f3 de sang al setembre","titulo_es":"Burjassot tendr\u00e1 cuatro jornadas de donaci\u00f3n de sangre en el mes de septiembre","contenido_va":"<p>Fidel a la seua cita, <strong>el Centre de Transfusi\u00f3 de Sang de la Comunitat Valenciana visitar\u00e0 Burjassot en quatre ocasions, al setembre<\/strong>. Amb la col\u00b7laboraci\u00f3 de la Regidoria de Sanitat de l&#8217;Ajuntament de Burjassot, dirigida per Isabel M\u00aa Mora, en els seus despla\u00e7aments al municipi, el Centre de Transfusi\u00f3 de Sang recorda que la sang \u00e9s un element vital que no es pot fabricar, per aix\u00f2 \u00e9s tan important la col\u00b7laboraci\u00f3 ciutadana.<\/p>\n<p>La primera jornada de donaci\u00f3 ser\u00e0 el <strong>dilluns 7, a la planta baixa de l&#8217;Ajuntament, de 17.00 a 20.30 hores<\/strong>. La segona cita ser\u00e0 el <strong>divendres 11 de setembre, de 17.00 a 20.30 hores en el Casal de la Falla N\u00e0quera- Lauri Volpi (c\/ Lauri Volpi, 24)<\/strong>, mentre que\u00a0el <strong>Centre de Salut de Rubert i Vill\u00f3<\/strong> ser\u00e0 el punt de donaci\u00f3 de sang el <strong>dilluns 14 de setembre, de 16.30 a 20.30 hores.<\/strong><\/p>\n<p>L&#8217;\u00faltima oportunitat per a donar sang al setembre i contribuir aix\u00ed al fet que la reserva de sang dels hospitals valencians es mantinga, ser\u00e0 el<strong> dimarts 15 de setembre, de 16.30 a 20.30 hores en el Centre de Salut d&#8217;Especialitats (c\/ Beniferri, s\/n).\u00a0<\/strong><\/p>\n<p>Poden ser donants de sang totes les <strong>persones entre 18 i 65 anys que tinguen bon estat de salut i pesen m\u00e9s de 50 kg<\/strong>. Per a donar sang no \u00e9s ni necessari ni recomanable acudir en dej\u00fa.<\/p>\n","contenido_es":"<p>Inicio de curso y, con \u00e9l, fiel a su cita, <strong>el Centro de Transfusi\u00f3n de sangre de la Comunitat Valenciana<\/strong> va a visitar Burjassot en cuatro ocasiones durante el mes de septiembre.<\/p>\n<p>Desde el Centro de Transfusi\u00f3n, que cuenta <strong>con la colaboraci\u00f3n de la Concejal\u00eda de Sanidad del Ayuntamiento de Burjassot, dirigida por Isabel M\u00aa Mora, en sus desplazamientos al municipio<\/strong>, recuerdan que la sangre es un elemento vital que no se puede fabricar por eso es tan importante la colaboraci\u00f3n ciudadana.<\/p>\n<p>En septiembre, la primera de las visitas ser\u00e1 al hall del Ayuntamiento, <strong>concretamente el lunes d\u00eda 7 de 17.00 a 20.30 horas<\/strong>. La segunda de las citas con la solidaridad <strong>ser\u00e1 el viernes 11 de septiembre, de 17.00 a 20.30 horas en el Casal de la Falla N\u00e1quera- Lauri Volpi<\/strong>, en la c\/ Lauri Volpi, 24 <strong>siendo la tercera visita del mes la que tendr\u00e1 lugar el lunes 14 de septiembre<\/strong>, de 16.30 a 20.30 horas en el Centro de Salud de Rubert i Vill\u00f3.<\/p>\n<p>La \u00faltima oportunidad para donar sangre en este mes y ayudar con ello a que la reserva de sangre de los hospitales valencianos se mantenga, <strong>ser\u00e1 el martes 15 de septiembre, de 16.30 a 20.30 horas<\/strong> en el Centro de Especialidades, en la c\/ Beniferri, s\/n.<\/p>\n<p>Pueden ser donantes de sangre todas las personas entre 18 y 65 a\u00f1os que tengan buen estado de salud y pesen m\u00e1s de 50 kg. Para donar sangre no es necesario acudir en ayunas.<\/p>\n"},{"id":76991,"fecha_creacion":"2026-08-13 11:46:52","fecha_modificacion":"2026-09-01 10:25:39","imagen_mini":"https:\/\/www.burjassot.org\/wp-content\/uploads\/2025\/09\/24-01-31_biblio_miercoles-de-cuento-03-150x150.png","imagen_grande":"https:\/\/www.burjassot.org\/wp-content\/uploads\/2025\/09\/24-01-31_biblio_miercoles-de-cuento-03.png","titulo_va":"Els dimecres de conte a la Biblioteca Infantil de Burjassot inicien les activitats d&#8217;animaci\u00f3 lectora al setembre","titulo_es":"Los mi\u00e9rcoles de cuento en la Biblioteca Infantil de Burjassot inician las actividades de animaci\u00f3n lectora en septiembre","contenido_va":"<p>Setembre comen\u00e7a amb for\u00e7a per a les Biblioteques Municipals de Burjassot que<strong> reprenen les seues activitats d&#8217;animaci\u00f3 lectora i de foment de la lectura<\/strong> dirigides a tota la poblaci\u00f3.<\/p>\n<p>La primera de les activitats <strong>que reunir\u00e0 les i els usuaris de la Biblioteca Infantil ser\u00e0 el nou cicle dels dimecres lectors, dins del projecte d&#8217;animaci\u00f3 lectora \u201cYo te cuento\/ Jo et conte\u201d.<\/strong> El projecte, consolidat ja en el citat espai municipal, dona l&#8217;oportunitat de participar a les i els burjassoters en la lectura de nous llibres que desperten l&#8217;h\u00e0bit lector en els m\u00e9s xiquets de la casa.<\/p>\n<p>Aventures, hist\u00f2ries per descobrir, gaudir de la lectura de nous llibres\u2026tot aix\u00f2 i molt m\u00e9s \u00e9s el que es trobaran les i els usuaris de la Biblioteca Infantil <strong>els dies 2, 9, 16 i 23 de setembre<\/strong> a partir de les 18.00 hores en el citat espai municipal.<\/p>\n<p>Fins i tot els xiquets que no s\u00e0pien llegir encara poden ser part d&#8217;esta activitat ja que podran escoltar les lectures narrades i llegides pels majors, descobrint, en la seua veu, les ventures m\u00e9s especials que fan que els llibres traslladen al lector i als seus oients, a mons de fantasia i d&#8217;hist\u00f2ries divertides, d&#8217;amor, de lluites o de riure, tot t\u00e9 cabuda en estos dimecres lectors.<\/p>\n","contenido_es":"<p>Septiembre <strong>empieza con fuerza para las Bibliotecas Municipales de Burjassot<\/strong> que retoman sus actividades de animaci\u00f3n lectora y de fomento de la lectura dirigidas a toda la poblaci\u00f3n.<\/p>\n<p>La primera de las actividades que va a reunir a las y los usuarios <strong>de la Biblioteca Infantil ser\u00e1 el nuevo ciclo de los mi\u00e9rcoles lectores<\/strong>, dentro del proyecto de animaci\u00f3n lectora <em>\u201cYo te cuento\/ Jo et conte\u201d. <\/em>El proyecto, consolidado ya en el citado espacio municipal, da la oportunidad de participar a las y los burjassotenses en la lectura de nuevos libros que despierten el h\u00e1bito lector en los m\u00e1s peques de la casa.<\/p>\n<p>Aventuras, historias por descubrir, disfrutar de la lectura de nuevos libros\u2026todo esto y mucho m\u00e1s es lo que se van a encontrar las y los usuarios de la <strong>Biblioteca Infantil los d\u00edas 2, 9, 16 y 23 de septiembre a partir de las 18.00 horas<\/strong> en el citado espacio municipal.<\/p>\n<p>Incluso los peques que no sepan leer todav\u00eda pueden ser parte de esta actividad ya que podr\u00e1n escuchar las lecturas narradas y le\u00eddas por los mayores, descubriendo, en su voz, las venturas m\u00e1s especiales que hacen que los libros trasladen al lector y a sus oyentes, a mundos de fantas\u00eda y de historias divertidas, de amor, de luchas o de risa, <strong>todo tiene cabida en estos mi\u00e9rcoles lectores<\/strong>.<\/p>\n"},{"id":77136,"fecha_creacion":"2026-09-03 13:53:25","fecha_modificacion":"2026-09-03 13:55:44","imagen_mini":"https:\/\/www.burjassot.org\/wp-content\/uploads\/2026\/09\/Romer\u00eda-Al-Andalus-13-09-2026-150x150.jpg","imagen_grande":"https:\/\/www.burjassot.org\/wp-content\/uploads\/2026\/09\/Romer\u00eda-Al-Andalus-13-09-2026.jpg","titulo_va":"Al Andalus 25 Burjassot celebra la II Romeria a la Verge del Roc\u00edo","titulo_es":"Al Andalus 25 Burjassot celebra su II Romer\u00eda a la Virgen del Roc\u00edo","contenido_va":"<p><strong>Diumenge que ve 13 de setembre<\/strong> ser\u00e0 molt especial per a <strong>l&#8217;Associaci\u00f3 Cultural Andalusa Al Andalus 25 de Burjassot<\/strong> ja que celebrar\u00e0 la <strong>II Romeria a la Verge del Roc\u00edo<\/strong> recorrent diferents enclavaments i barris del municipi en un mat\u00ed festiu alm qual conviden a participar a totes les ve\u00efnes i ve\u00efns.<\/p>\n<p>El mat\u00ed comen\u00e7ar\u00e0 a les 10.00 hores en l&#8217;Ermita de Sant Roc i la Mare de D\u00e9u de la Cabe\u00e7a on es realitzar\u00e0 el repartiment de canyes i aigua. Sobre les 10.30 hores, comen\u00e7ar\u00e0 la romeria pels carrers del municipi, la qual conclour\u00e0, sobre les 12.00 hores, a la Pineda de la Casa de Cultura, on hi haur\u00e0 una Missa de Campanya a la qual podran assistir les persones que ho desitgen.<\/p>\n<p>A les 14.00 hores, tamb\u00e9 en la Pineda, tindr\u00e0 lloc el dinar de germanor. Per a gaudir del dinar, caldr\u00e0 traure el tiquet amb antelaci\u00f3 en la pr\u00f2pia associaci\u00f3, els dijous a la vesprada el carrer Misser Masc\u00f3, 28 o b\u00e9 en l&#8217;Administraci\u00f3 de Loteria n\u00fam. de Burjassot (Carretera de Ll\u00edria, 22) de dilluns a divendres de 9.00 a 14.00 i de 17.00 a 20.00 hores i els dissabtes de 9.00 a 13.30 hores.<\/p>\n<p>La romeria compta amb el suport i col\u00b7laboraci\u00f3 de l&#8217;Ajuntament de Burjassot des de la Regidoria de Festes, dirigida per Manuel P\u00e9rez Menero.<\/p>\n","contenido_es":"<p>El pr\u00f3ximo <strong>domingo 13 de septiembre va a ser muy especial para la Asociaci\u00f3n Cultural Andaluza Al Andalus 25 de Burjassot<\/strong> ya que va a celebrar su <strong>II Romer\u00eda a la Virgen del Roc\u00edo<\/strong> recorriendo diferentes enclaves y barrios del municipio en una ma\u00f1ana festiva a la que invitan a participar a todas las vecinas y vecinos.<\/p>\n<p>La ma\u00f1ana comenzar\u00e1 a las 10.00 horas en la Ermita de San Roque y la Virgen de la Cabeza donde se realizar\u00e1 el <strong>reparto de ca\u00f1as y agua<\/strong>. Una media hora m\u00e1s tarde, sobre las 10.30 horas est\u00e1 previsto que se inicie el recorrido de la romer\u00eda por las calles del municipio. Tras el mismo, <strong>la Virgen del Roc\u00edo llegar\u00e1, sobre las 12.00 horas a la Pinada de la Casa de Cultura<\/strong> donde habr\u00e1 una Misa de Campa\u00f1a en la que podr\u00e1n participar todas las personas que as\u00ed lo deseen.<\/p>\n<p>Una vez finalizada, a las 14.00 horas, tambi\u00e9n en la Pinada, <strong>ser\u00e1 la comida de hermandad<\/strong>. En este caso, para formar parte de esta, habr\u00e1 que sacar el ticket con antelaci\u00f3n en la propia asociaci\u00f3n, los jueves por la tarde en la c\/ Micer Masc\u00f3, 28 o bien en la Administraci\u00f3n de Loter\u00eda n\u00ba1 de Burjassot, en la Carretera de Ll\u00edria, 22, de lunes a viernes de 9.00 a 14.00 y de 17.00 a 20.00 horas y los s\u00e1bados de 9.00 a 13.30 horas.<\/p>\n<p>La romer\u00eda cuenta con el apoyo y colaboraci\u00f3n del Ayuntamiento de Burjassot <strong>desde la Concejal\u00eda de Fiestas, dirigida por Manuel P\u00e9rez Menero<\/strong>.<\/p>\n"},{"id":76998,"fecha_creacion":"2026-08-13 11:53:12","fecha_modificacion":"2026-08-13 13:11:42","imagen_mini":"https:\/\/www.burjassot.org\/wp-content\/uploads\/2026\/08\/Pere-Ferrer-Val-150x150.png","imagen_grande":"https:\/\/www.burjassot.org\/wp-content\/uploads\/2026\/08\/Pere-Ferrer-Val.png","titulo_va":"El burjassoter Pere Ferrer presenta a la Casa de Cultura de Burjassot el seu llibre \u00ab30 relatos de amor y un poema desesperado\u00bb","titulo_es":"El burjassotense Pere Ferrer presenta en la Casa de Cultura de Burjassot su libro \u00ab30 relatos de amor y un poema desesperado\u00bb","contenido_va":"<p>Amor de parella, de fam\u00edlia, d&#8217;amics, als nostres afins\u2026l&#8217;amor en les seues m\u00faltiples formes, moltes d&#8217;elles desconegudes o que no sabem fins i tot identificar&#8230; <strong>Amor que arribar\u00e0 a la Casa de Cultura de Burjassot de mans del burjassoter Pere Ferrer Sanchis que presenta el seu llibre <em>30 relatos de amor y un poema desesperado<\/em><\/strong>, de NPQ Editores del Grupo Editorial Sargantana. L<strong>a presentaci\u00f3 tindr\u00e0 lloc el dijous 17 de setembre a les 19.00 hores a la Sala d&#8217;Audiovisuals<\/strong>.<\/p>\n<p>Amb el seu amable somriure i el seu saber fer en el m\u00f3n de les lletres, <strong>Pere presentar\u00e0 una recopilaci\u00f3 de relats en els quals es creuen hist\u00f2ries d&#8217;amor escrites al llarg dels \u00faltims 30 anys<\/strong>, entrella\u00e7ades totes elles amb la trama de la imaginaci\u00f3 i l&#8217;ordit de la realitat viscuda, per a anar donant forma a la visi\u00f3 que l&#8217;autor t\u00e9 de les diferents formes d&#8217;amor.<\/p>\n<p>Hist\u00f2ries que mostren l&#8217;amor que es reconeix en la parella, en el si de la fam\u00edlia, el paternal o el que sustenta l&#8217;amistat. Tamb\u00e9 l&#8217;amor que, a vegades, manifestem per la nostra professi\u00f3 o el que vam demostrar cap als nostres afins o ve\u00efns. O aquell que fins i tot intu\u00efm o imaginem entre desconeguts.<\/p>\n<p>Per\u00f2 com la realitat, que sempre ens mostra dos cares, <strong>tamb\u00e9 hi ha entre estes p\u00e0gines desamor, desafecci\u00f3, desagafe<\/strong> i, en definitiva, una mirada cada vegada m\u00e9s transparent d&#8217;alg\u00fa que viu pegat a un teclat i amb un boli o llapis sempre a la seua m\u00e0 esquerra i que quan no escriu\u2026 a vegades tamb\u00e9 dibuixa.<\/p>\n<p><strong>Pere Ferrer Sanchis \u00e9s de formaci\u00f3<\/strong> periodista, especialitzat en comunicaci\u00f3 corporativa. En la seua traject\u00f2ria professional ha tingut l&#8217;oportunitat de treballar en ag\u00e8ncies de comunicaci\u00f3 i diferents mitjans a m\u00e9s de col\u00b7laborar en emissores de r\u00e0dio. Pere tamb\u00e9 ha exercit com a docent en Comunicaci\u00f3 i RRPP en ESIC Business School Val\u00e8ncia i, actualment, desenrotlla la seua professi\u00f3 en l&#8217;ag\u00e8ncia Aigua i Sal Comunicaci\u00f3.<\/p>\n","contenido_es":"<p>Amor de pareja, de familia, de amigos, a nuestros allegados\u2026el amor en sus m\u00faltiples formas, muchas de ellas desconocidas o que no sabemos incluso identificar&#8230; Amor que llegar\u00e1 a la Casa de Cultura de Burjassot <strong>de manos del burjassotense Pere Ferrer Sanchis<\/strong> que presenta su libro <strong><em>30 relatos de amor y un poema desesperado<\/em><\/strong>, de NPQ Editores del Grupo Editorial Sargantana. La presentaci\u00f3n tendr\u00e1 lugar el jueves 17 de septiembre a las 19.00 horas en la Sala de Audiovisuales.<\/p>\n<p>Con su amable sonrisa y su saber hacer en el mundo de las letras, <strong>Pere presentar\u00e1 una recopilaci\u00f3n de relatos en los que se cruzan historias<\/strong> de amor escritas a lo largo de los \u00faltimos 30 a\u00f1os, entrelazadas todas ellas con la trama de la imaginaci\u00f3n y la urdimbre de la realidad vivida, para ir dando forma a la visi\u00f3n que el autor tiene de las distintas formas de amor.<\/p>\n<p>Historias que muestran el amor que se reconoce en la pareja, en el seno de la familia, el paternal o el que sustenta la amistad. Tambi\u00e9n el amor que, en ocasiones, manifestamos por nuestra profesi\u00f3n o el que demostramos hacia nuestros allegados o vecinos. O aquel que incluso intuimos o imaginamos entre desconocidos.<\/p>\n<p>Pero como la realidad, que siempre nos muestra dos caras, <strong>tambi\u00e9n hay entre estas p\u00e1ginas desamor, desafecci\u00f3n, desapego y, en definitiva, una mirada cada vez m\u00e1s transparente de alguien que vive pegado<\/strong> a un teclado y con un boli o l\u00e1piz siempre en su mano izquierda y que cuando no escribe\u2026 a veces tambi\u00e9n dibuja.<\/p>\n<p>Pere Ferrer Sanchis <strong>es de formaci\u00f3n periodista, especializado en comunicaci\u00f3n corporativa<\/strong>. En su trayectoria profesional ha tenido la oportunidad de trabajar en agencias de comunicaci\u00f3n y distintos medios adem\u00e1s de colaborar en emisoras de radio. Pere tambi\u00e9n ha ejercido como docente en Comunicaci\u00f3n y RRPP en ESIC Business School Valencia y, actualmente, desarrolla su profesi\u00f3n en la agencia Agua y Sal Comunicaci\u00f3n.<\/p>\n"},{"id":77006,"fecha_creacion":"2026-08-13 12:31:24","fecha_modificacion":"2026-09-02 11:01:12","imagen_mini":"https:\/\/www.burjassot.org\/wp-content\/uploads\/2026\/08\/26-11_teat_tranvia_vlc_3-150x150.png","imagen_grande":"https:\/\/www.burjassot.org\/wp-content\/uploads\/2026\/08\/26-11_teat_tranvia_vlc_3.png","titulo_va":"La programaci\u00f3 cultural inicia la temporada amb \u00abTramvia n\u00fam. 12\u00bb, de La Finestra Nou Circ","titulo_es":"La programaci\u00f3n cultural inicia temporada con \u00abTranv\u00eda N\u00ba12\u00bb, de La Finestra Nou Circ","contenido_va":"<p>Cinc personatges diferents es reunixen en una peculiar parada d&#8217;un antic tramvia, estan nerviosos, sense ubicaci\u00f3, nom\u00e9s tenen una cosa en com\u00fa\u2026 esperen\u2026aix\u00ed comen\u00e7a <strong>el primer dels espectacles gratu\u00efts que l&#8217;Ajuntament de Burjassot, des de la Regidoria de Cultura, dirigida per Javier Naharros<\/strong>, oferir\u00e0 fins a final d&#8217;any.<\/p>\n<p>Una programaci\u00f3 regular que comen\u00e7ar\u00e0 amb <em>Tramvia n\u00fam. 12<\/em>, de<strong> La Finestra Nou Circ, un espectacle de teatre i circ que va ser mereixedor del premi al<\/strong>\u00a0Millor Espectacle de Circ en els Premis de les Arts Esc\u00e8niques Valencianes 2021. La posada en escena ser\u00e0 el <strong>diumenge, 20 de setembre, a les 12.00 hores al Parc de La Granja<\/strong>.<\/p>\n<p>Els cinc personatges que protagonitzen l&#8217;espectacle estan llestos per a anar-se, viatjar, descobrir el que els oferix el seu dest\u00ed\u2026 el tramvia est\u00e0 all\u00ed esperant-los, per\u00f2 sempre hi ha un motiu pel qual mai ix. Esta emoci\u00f3 col\u00b7lectiva provocar\u00e0 en ells una forma inesperada de relacionar-se, de con\u00e9ixer-se, <strong>descobrint que tenen m\u00e9s en com\u00fa del que creien, molt de talent, la creativitat<\/strong>, el circ, el sentit de l&#8217;humor davant la vida i la seua peculiar resili\u00e8ncia.<\/p>\n<p>Per a con\u00e9ixer m\u00e9s a la companyia i l&#8217;espectacle que posar\u00e0 en escena a Burjassot, pot visitar-se el seu web, <a href=\"https:\/\/www.lafinestranoucirc.com\/tranvia12\/\">PUNXANT AC\u00cd.<\/a><\/p>\n","contenido_es":"<p>Cinco personajes diferentes se re\u00fanen en una peculiar parada de un antiguo tranv\u00eda, est\u00e1n nerviosos, desubicados, solo tienen una cosa en com\u00fan\u2026 esperan\u2026as\u00ed empieza <strong>el primero de los espect\u00e1culos gratuitos que el Ayuntamiento de Burjassot<\/strong>, desde <strong>la Concejal\u00eda de Cultura, dirigida por Javier Naharros<\/strong>, va a ofrecer hasta final de a\u00f1o.<\/p>\n<p>Una programaci\u00f3n regular que comenzar\u00e1 con <strong><em>Tranv\u00eda N\u00ba 12<\/em><\/strong>, de La Finestra Nou Circ, un espect\u00e1culo de teatro y circo, que fue merecedor del premio al Mejor Espect\u00e1culo de Circo de los Premis de les Arts Esc\u00e8niques Valencianes 2021. La puesta en escena ser\u00e1 el <strong>domingo, 20 de septiembre, a las 12.00 horas en el Parque de La Granja<\/strong>.<\/p>\n<p>Los cinco personajes que protagonizan el espect\u00e1culo est\u00e1n listos para irse, viajar, descubrir lo que les depara su destino\u2026 el tranv\u00eda est\u00e1 all\u00ed esper\u00e1ndolos, pero siempre hay un motivo por el que nunca sale. Esta emoci\u00f3n colectiva <strong>provocar\u00e1 en ellos una forma inesperada de relacionarse, de conocerse, descubriendo que tienen m\u00e1s en com\u00fan<\/strong> de lo que cre\u00edan, mucho talento, la creatividad, el circo, el sentido del humor ante la vida y su peculiar resiliencia.<\/p>\n<p>Para conocer m\u00e1s a la compa\u00f1\u00eda y el espect\u00e1culo que va a poner en escena en Burjassot, puede visitarse su web, <a href=\"https:\/\/www.lafinestranoucirc.com\/tranvia12\/\">PINCHANDO AQU\u00cd.<\/a><\/p>\n"},{"id":77091,"fecha_creacion":"2026-09-03 09:14:40","fecha_modificacion":"2026-09-03 09:21:33","imagen_mini":"https:\/\/www.burjassot.org\/wp-content\/uploads\/2026\/09\/IDP2024_SM_emblem_S-150x150.png","imagen_grande":"https:\/\/www.burjassot.org\/wp-content\/uploads\/2026\/09\/IDP2024_SM_emblem_S.png","titulo_va":"La primera animaci\u00f3 lectora del curs se centra en la pau i la democr\u00e0cia entre llibres","titulo_es":"La primera animaci\u00f3n lectora del nuevo curso se centra en la paz y la democracia entre libros","contenido_va":"<p><strong>El pr\u00f2xim 21 de setembre es commemora el Dia Internacional de la Pau<\/strong> i, amb motiu d&#8217;aquesta efem\u00e8ride, <strong>l&#8217;equip de les Biblioteques Municipals de Burjassot<\/strong> ha preparat la <strong>primera animaci\u00f3 lectora<\/strong> del curs a la <strong>Biblioteca Infantil<\/strong>.<strong> L&#8217;activitat tindr\u00e0 lloc\u00a0a partir de les 18.00 hores<\/strong> i tamb\u00e9 es far\u00e0 ress\u00f2 del Dia Internacional de la Democr\u00e0cia, que se celebra el 15 de setembre.<\/p>\n<p>La biblioteca fa seu el <strong>lema triat enguany per les Nacions Unides<\/strong> per a este 21 de setembre, <em><strong>Invertix en la pau, per a totes les persones, a tot arreu i tots els dies<\/strong><\/em>, amb la celebraci\u00f3 eixa mateixa jornada d&#8217;una activitat d&#8217;animaci\u00f3 lectora que aprofundeix en eixos conceptes tan necessaris de democr\u00e0cia i pau. Es far\u00e0 amb un taller dirigit a xiquetes i xiquets, que no han viscut m\u00e9s sistema que el democr\u00e0tic per\u00f2 que s\u00ed han pogut con\u00e9ixer de primera m\u00e0 esdeveniments que pertorben la pau com atemptats terroristes o guerres com les que actualment assolen diverses parts del m\u00f3n i de les quals es tenen not\u00edcies di\u00e0riament.<\/p>\n<p>A trav\u00e9s de la lectura de contes i amb un col\u00b7loqui-assemblea informal posterior, els menuts participants donaran la seua opini\u00f3 sobre aquests valors, democr\u00e0cia i pau, en contraposici\u00f3 a la guerra, les lluites i a qualsevol tipus d&#8217;enfrontament social.<\/p>\n","contenido_es":"<p>El <strong>pr\u00f3ximo 21 de septiembre se conmemora el D\u00eda Internacional de la Paz<\/strong> y, aprovechando esta efem\u00e9ride, el equipo de las Bibliotecas Municipales de Burjassot ha preparado la primera animaci\u00f3n lectora del curso en la Biblioteca Infantil. Animaci\u00f3n lectora que se celebrar\u00e1 <strong>a partir de las 18.00 horas<\/strong> y que tambi\u00e9n se har\u00e1 eco del D\u00eda Internacional de la Democracia que se celebra el 15 de septiembre.<\/p>\n<p>Desde la Biblioteca de Burjassot hacen suyo el lema elegido este a\u00f1o por las Naciones Unidas para este 21 de septiembre <strong><em>Invierte en la paz, para todas las personas, en todas partes y todos los d\u00edas<\/em><\/strong> con la celebraci\u00f3n esa misma jornada de una actividad de animaci\u00f3n lectora que ahonde en esos conceptos tan necesarios de democracia y paz. <strong>Se har\u00e1 con un taller dirigido a las y los m\u00e1s peque\u00f1o<\/strong>s, que no han vivido m\u00e1s sistema que el democr\u00e1tico pero que s\u00ed han podido conocer de primera mano acontecimientos que perturben la paz como atentados terroristas o guerras como las que actualmente asolan varias partes del mundo y de las que se tienen noticias a diario.<\/p>\n<p>A trav\u00e9s de la lectura de cuentos y, tras ella, con un coloquio-asamblea informal las y los participantes dar\u00e1n su opini\u00f3n sobre ambos conceptos, democracia y paz, en contraposici\u00f3n a la guerra, las luchas y a cualquier tipo de enfrentamiento social.<\/p>\n"}]