  

[{"id":77136,"fecha_creacion":"2026-09-03 13:53:25","fecha_modificacion":"2026-09-03 13:55:44","imagen_mini":"https:\/\/www.burjassot.org\/wp-content\/uploads\/2026\/09\/Romer\u00eda-Al-Andalus-13-09-2026-150x150.jpg","imagen_grande":"https:\/\/www.burjassot.org\/wp-content\/uploads\/2026\/09\/Romer\u00eda-Al-Andalus-13-09-2026.jpg","titulo_va":"Al Andalus 25 Burjassot celebra la II Romeria a la Verge del Roc\u00edo","titulo_es":"Al Andalus 25 Burjassot celebra su II Romer\u00eda a la Virgen del Roc\u00edo","contenido_va":"<p><strong>Diumenge que ve 13 de setembre<\/strong> ser\u00e0 molt especial per a <strong>l&#8217;Associaci\u00f3 Cultural Andalusa Al Andalus 25 de Burjassot<\/strong> ja que celebrar\u00e0 la <strong>II Romeria a la Verge del Roc\u00edo<\/strong> recorrent diferents enclavaments i barris del municipi en un mat\u00ed festiu alm qual conviden a participar a totes les ve\u00efnes i ve\u00efns.<\/p>\n<p>El mat\u00ed comen\u00e7ar\u00e0 a les 10.00 hores en l&#8217;Ermita de Sant Roc i la Mare de D\u00e9u de la Cabe\u00e7a on es realitzar\u00e0 el repartiment de canyes i aigua. Sobre les 10.30 hores, comen\u00e7ar\u00e0 la romeria pels carrers del municipi, la qual conclour\u00e0, sobre les 12.00 hores, a la Pineda de la Casa de Cultura, on hi haur\u00e0 una Missa de Campanya a la qual podran assistir les persones que ho desitgen.<\/p>\n<p>A les 14.00 hores, tamb\u00e9 en la Pineda, tindr\u00e0 lloc el dinar de germanor. Per a gaudir del dinar, caldr\u00e0 traure el tiquet amb antelaci\u00f3 en la pr\u00f2pia associaci\u00f3, els dijous a la vesprada el carrer Misser Masc\u00f3, 28 o b\u00e9 en l&#8217;Administraci\u00f3 de Loteria n\u00fam. de Burjassot (Carretera de Ll\u00edria, 22) de dilluns a divendres de 9.00 a 14.00 i de 17.00 a 20.00 hores i els dissabtes de 9.00 a 13.30 hores.<\/p>\n<p>La romeria compta amb el suport i col\u00b7laboraci\u00f3 de l&#8217;Ajuntament de Burjassot des de la Regidoria de Festes, dirigida per Manuel P\u00e9rez Menero.<\/p>\n","contenido_es":"<p>El pr\u00f3ximo <strong>domingo 13 de septiembre va a ser muy especial para la Asociaci\u00f3n Cultural Andaluza Al Andalus 25 de Burjassot<\/strong> ya que va a celebrar su <strong>II Romer\u00eda a la Virgen del Roc\u00edo<\/strong> recorriendo diferentes enclaves y barrios del municipio en una ma\u00f1ana festiva a la que invitan a participar a todas las vecinas y vecinos.<\/p>\n<p>La ma\u00f1ana comenzar\u00e1 a las 10.00 horas en la Ermita de San Roque y la Virgen de la Cabeza donde se realizar\u00e1 el <strong>reparto de ca\u00f1as y agua<\/strong>. Una media hora m\u00e1s tarde, sobre las 10.30 horas est\u00e1 previsto que se inicie el recorrido de la romer\u00eda por las calles del municipio. Tras el mismo, <strong>la Virgen del Roc\u00edo llegar\u00e1, sobre las 12.00 horas a la Pinada de la Casa de Cultura<\/strong> donde habr\u00e1 una Misa de Campa\u00f1a en la que podr\u00e1n participar todas las personas que as\u00ed lo deseen.<\/p>\n<p>Una vez finalizada, a las 14.00 horas, tambi\u00e9n en la Pinada, <strong>ser\u00e1 la comida de hermandad<\/strong>. En este caso, para formar parte de esta, habr\u00e1 que sacar el ticket con antelaci\u00f3n en la propia asociaci\u00f3n, los jueves por la tarde en la c\/ Micer Masc\u00f3, 28 o bien en la Administraci\u00f3n de Loter\u00eda n\u00ba1 de Burjassot, en la Carretera de Ll\u00edria, 22, de lunes a viernes de 9.00 a 14.00 y de 17.00 a 20.00 horas y los s\u00e1bados de 9.00 a 13.30 horas.<\/p>\n<p>La romer\u00eda cuenta con el apoyo y colaboraci\u00f3n del Ayuntamiento de Burjassot <strong>desde la Concejal\u00eda de Fiestas, dirigida por Manuel P\u00e9rez Menero<\/strong>.<\/p>\n"},{"id":77110,"fecha_creacion":"2026-09-03 12:11:23","fecha_modificacion":"2026-09-03 12:17:48","imagen_mini":"https:\/\/www.burjassot.org\/wp-content\/uploads\/2026\/09\/Campan\u0303a-septiembre--150x150.png","imagen_grande":"https:\/\/www.burjassot.org\/wp-content\/uploads\/2026\/09\/Campan\u0303a-septiembre-.png","titulo_va":"La SPAB dedica su campa\u00f1a de septiembre a fomentar la adopci\u00f3n de animales abandonados","titulo_es":"La SPAB dedica su campa\u00f1a de septiembre a fomentar la adopci\u00f3n de animales abandonados","contenido_va":"<p>La <strong>Societat Protectora d&#8217;Animals de Burjassot (SPAB)<\/strong> dedica la seua <strong>campanya de sensibilitzaci\u00f3 de setembre<\/strong> a una de les principals l\u00ednies de treball de l&#8217;entitat: el foment de l&#8217;adopci\u00f3 responsable d&#8217;animals abandonats. Sota el <strong>lema \u201cUna g\u00e0bia menys, una llar m\u00e9s\u201d<\/strong>, la SPAB recorda que darrere de cada animal que roman en un refugi hi ha una hist\u00f2ria i, sobretot, l&#8217;espera d&#8217;una oportunitat per a comen\u00e7ar una nova vida.<\/p>\n<p>L&#8217;entitat insistix, com fa en les seues campanyes peri\u00f2diques de conscienciaci\u00f3, en qu\u00e8 adoptar ha de ser sempre una decisi\u00f3 meditada i responsable, ja que incorporar un animal a la fam\u00edlia implica assumir un comprom\u00eds durant tota la seua vida. Al mateix temps, l&#8217;adopci\u00f3 permet oferir una segona oportunitat a animals que han patit l&#8217;aband\u00f3 i contribu\u00efx al fet que uns altres puguen ocupar el seu lloc i ser atesos per l&#8217;associaci\u00f3.<\/p>\n<p><strong>Les persones interessades<\/strong> a con\u00e9ixer els animals disponibles per a adopci\u00f3 o a rebre m\u00e9s informaci\u00f3 <strong>poden posar-se en contacte amb la SPAB<\/strong> en els tel\u00e8fons 655 685 859 i 675 740 732, a trav\u00e9s del correu electr\u00f2nic <a href=\"mailto:protectoraburjassot@gmail.com\">protectoraburjassot@gmail.com<\/a> o consultar la seua <a href=\"https:\/\/protectoraburjassot.com\/\"><strong>p\u00e0gina web<\/strong><\/a>.<\/p>\n<p>Al llarg de l&#8217;any, la SPAB desenvolupa diferents accions destinades a combatre l&#8217;aband\u00f3, fomentar l&#8217;adopci\u00f3 i conscienciar sobre el respecte i el benestar animal, a m\u00e9s d&#8217;atendre els animals abandonats mentres esperen trobar una llar definitiva.<\/p>\n","contenido_es":"<p>La <strong>Sociedad Protectora de Animales de Burjassot (SPAB)<\/strong> dedica su campa\u00f1a de sensibilizaci\u00f3n de septiembre a una de las principales l\u00edneas de trabajo de la entidad: <strong>el fomento de la adopci\u00f3n responsable de animales abandonados<\/strong>. Bajo el lema <strong>\u201cUna jaula menos, un hogar m\u00e1s\u201d<\/strong>, la SPAB recuerda que detr\u00e1s de cada animal que permanece en un refugio hay una historia y, sobre todo, la espera de una oportunidad para comenzar una nueva vida.<\/p>\n<p>La entidad insiste, como viene haciendo en sus campa\u00f1as peri\u00f3dicas de concienciaci\u00f3n, en que adoptar debe ser siempre una decisi\u00f3n meditada y responsable<strong>, <\/strong>puesto que incorporar un animal a la familia implica asumir un compromiso durante toda su vida. Al mismo tiempo, la adopci\u00f3n permite ofrecer una segunda oportunidad a animales que han sufrido el abandono y contribuye a que otros puedan ocupar su lugar y ser atendidos por la asociaci\u00f3n.<\/p>\n<p>Las <strong>personas interesadas<\/strong> en conocer los animales disponibles para adopci\u00f3n o en recibir m\u00e1s informaci\u00f3n pueden <strong>ponerse en contacto con la SPAB<\/strong> en los tel\u00e9fonos <strong>655 685 859 y 675 740 732<\/strong>, a trav\u00e9s del correo electr\u00f3nico <strong><a href=\"protectoraburjassot@gmail.com%20\">protectoraburjassot@gmail.com<\/a><\/strong> o consultar su <strong><a href=\"https:\/\/protectoraburjassot.com\/\">p\u00e1gina web<\/a><\/strong>.<\/p>\n<p>A lo largo del a\u00f1o, la SPAB desarrolla diferentes acciones destinadas a combatir el abandono, fomentar la adopci\u00f3n y concienciar sobre el respeto y el bienestar animal, adem\u00e1s de atender a los animales abandonados mientras esperan encontrar un hogar definitivo.<\/p>\n"},{"id":77103,"fecha_creacion":"2026-09-03 11:56:47","fecha_modificacion":"2026-09-03 12:00:39","imagen_mini":"https:\/\/www.burjassot.org\/wp-content\/uploads\/2026\/05\/26_presupuestos-participativos_vlc_3-150x150.png","imagen_grande":"https:\/\/www.burjassot.org\/wp-content\/uploads\/2026\/05\/26_presupuestos-participativos_vlc_3.png","titulo_va":"La fase de votaci\u00f3 de propostes dels Pressupostos Participatius de Burjassot finalitza el 9 de setembre","titulo_es":"La fase de votaci\u00f3n de propuestas de los Presupuestos Participativos de Burjassot finaliza el 9 de septiembre","contenido_va":"<p>La ciutadania de Burjassot t\u00e9 fins al pr\u00f2xim 9 de setembre per a votar les propostes d&#8217;inversi\u00f3 que considera priorit\u00e0ries per al municipi, dins de la campanya de <strong>Pressupostos Participatius 2026-2027 posada en marxa per l&#8217;Ajuntament de Burjassot,<\/strong> a trav\u00e9s de la regidoria de Participaci\u00f3 Ciutadana, dirigida per Yolanda Andr\u00e9s.<\/p>\n<p>Les propostes declarades viables i que han arribat a esta \u00faltima fase s\u00f3n la<strong> millora del parc de Cantereria com a refugi clim\u00e0tic<\/strong>, amb la instal\u00b7laci\u00f3 d&#8217;elements d&#8217;ombra i la reparaci\u00f3 de la zona de b\u00e0squet; la <strong>millora de la il\u00b7luminaci\u00f3 i la pintura de l&#8217;aparcament de Les Palmeres<\/strong>; la <strong>reforma del pipican del Passeig del Rajolar<\/strong>, refor\u00e7ant els seus tancaments per a evitar que els animals puguen escapar-se; i la <strong>prolongaci\u00f3 de l&#8217;espai ciclopedestre enfront de l&#8217;IES Vicent Andr\u00e9s Estell\u00e9s<\/strong>, incorporant una zona renaturalitzada i de refugi clim\u00e0tic, aix\u00ed com un espai reservat per a autobusos escolars.<\/p>\n<p><strong>Per a participar en la votaci\u00f3<\/strong> cal accedir a la plataforma <a href=\"https:\/\/participa.burjassot.org\/va\/VotacionPropuestas.aspx?id=9\"><strong>Burjassot Participa<\/strong><\/a>, allotjada en la web municipal, consultar les propostes viables i seleccionar aquelles que es vulguen secundar. <strong>Cada persona pot votar un m\u00e0xim de dos propostes<\/strong> i, per a completar el proc\u00e9s, \u00e9s necessari identificar-se mitjan\u00e7ant el DNI i disposar d&#8217;una adre\u00e7a de correu electr\u00f2nic v\u00e0lida. La participaci\u00f3 est\u00e0 oberta a les persones majors de 16 anys empadronades a Burjassot, que tamb\u00e9 han pogut participar en les diferents fases d&#8217;una campanya que va comen\u00e7ar el mes de maig passat.<\/p>\n<p>Amb el tancament de les votacions el 9 de setembre, els Pressupostos Participatius 2026-2027 entraran en la seua \u00faltima etapa. <strong>El 16 de setembre es faran p\u00fablics els resultats de la consulta<\/strong>, amb les propostes que hagen obtingut un major suport per part de la ciutadania.<\/p>\n","contenido_es":"<p>La ciudadan\u00eda de Burjassot tiene <strong>hasta el pr\u00f3ximo 9 de septiembre para votar<\/strong> las propuestas de inversi\u00f3n que considera prioritarias para el municipio, dentro de la campa\u00f1a de <strong>Presupuestos Participativos 2026-2027<\/strong> puesta en marcha por el Ayuntamiento de Burjassot, a trav\u00e9s de la <strong>concejal\u00eda de Participaci\u00f3n Ciudadana<\/strong>, dirigida por Yolanda Andr\u00e9s.<\/p>\n<p>Las propuestas declaradas viables y que han llegado a esta \u00faltima fase son la <strong>mejora del parque de Cantereria como refugio clim\u00e1tico<\/strong>, con la instalaci\u00f3n de elementos de sombra y la reparaci\u00f3n de la zona de baloncesto; la <strong>mejora de la iluminaci\u00f3n y la pintura del aparcamiento de Las Palmeras<\/strong>; la <strong>reforma del pipican del Paseo Rajolar<\/strong>, reforzando sus cerramientos para evitar que los animales puedan escaparse; y la <strong>prolongaci\u00f3n del espacio ciclopeatonal frente al IES Vicent Andr\u00e9s Estell\u00e9s<\/strong>, incorporando una zona renaturalizada y de refugio clim\u00e1tico, as\u00ed como un espacio reservado para autobuses escolares.<\/p>\n<p><strong>Para participar en la votaci\u00f3n<\/strong> hay que acceder a la plataforma <strong><a href=\"https:\/\/participa.burjassot.org\/VotacionPropuestas.aspx?id=9\">Burjassot Participa<\/a><\/strong>, alojada en la web municipal, consultar las propuestas viables y seleccionar aquellas que se quieran apoyar. Cada persona puede votar un m\u00e1ximo de dos propuestas y, para completar el proceso, es necesario identificarse mediante el DNI y disponer de una direcci\u00f3n de correo electr\u00f3nico v\u00e1lida. La participaci\u00f3n est\u00e1 abierta a las personas mayores de 16 a\u00f1os empadronadas en Burjassot, que tambi\u00e9n han podido participar en las distintas fases de una campa\u00f1a que comenz\u00f3 el pasado mes de mayo.<\/p>\n<p>Con el cierre de las votaciones el 9 de septiembre, los Presupuestos Participativos 2026-2027 entrar\u00e1n en su \u00faltima etapa. El <strong>16 de septiembre se har\u00e1n p\u00fablicos los resultados de la consulta<\/strong>, con las propuestas que hayan obtenido un mayor respaldo por parte de la ciudadan\u00eda.<\/p>\n"},{"id":77098,"fecha_creacion":"2026-09-03 09:43:47","fecha_modificacion":"2026-09-03 09:47:12","imagen_mini":"https:\/\/www.burjassot.org\/wp-content\/uploads\/2026\/09\/Abetmar-Mundial-2026-150x150.jpg","imagen_grande":"https:\/\/www.burjassot.org\/wp-content\/uploads\/2026\/09\/Abetmar-Mundial-2026.jpg","titulo_va":"Huit gimnastes del Club Gimn\u00e0stica Abetmar Burjassot representen a Espanya en el Mundial de Gimn\u00e0stica Aer\u00f2bica 2026","titulo_es":"Ocho gimnastas del Club Gimnasia Abetmar Burjassot representan a Espa\u00f1a en el Mundial de Gimnasia Aer\u00f3bica 2026","contenido_va":"<p>El <strong>Club Gimn\u00e0stica Abetmar Burjassot<\/strong> torna a competir entre l&#8217;elit internacional de la gimn\u00e0stica aer\u00f2bica. <strong>Huit dels seus gimnastes han sigut seleccionats per a formar part de l&#8217;equip espanyol que competir\u00e0 en el Campionat del M\u00f3n de Gimn\u00e0stica Aer\u00f2bica 2026,<\/strong> una cita especialment significativa que, enguany, se celebra a Espanya, en el Navarresa Arena de Pamplona.<\/p>\n<p><strong>La competici\u00f3 mundialista comen\u00e7ar\u00e0 el divendres 4 de setembre,<\/strong> amb les categories Youth i J\u00fanior, que es disputaran fins al diumenge 6. Posteriorment, de l&#8217;11 al 13 de setembre, arribar\u00e0 el torn de la categoria S\u00e8nior, completant deu dies en qu\u00e8 Pamplona es convertir\u00e0 en l&#8217;epicentre internacional de la gimn\u00e0stica aer\u00f2bica.<\/p>\n<p>La representaci\u00f3 del club burjassoter en la selecci\u00f3 espanyola estar\u00e0 formada per <strong>Briana L\u00f3pez<\/strong>, en categoria Youth; <strong>Ivana Carri\u00f3n i Maryam Abdouni,<\/strong> en J\u00fanior; i <strong>Martina Gil, Valeria Machuca, Carles Guillem, Nacho Viguer i Piero Gonz\u00e1lez<\/strong>, en S\u00e8nior.<\/p>\n<p>Els huit gimnastes competiran formant part de l&#8217;equip espanyol en diferents modalitats. Briana L\u00f3pez participar\u00e0 en trio i grup; Ivana Carri\u00f3n ho far\u00e0 en individual, parella i grup, mentres que Maryam Abdouni competir\u00e0 en trio. En categoria S\u00e8nior, Martina Gil participar\u00e0 en individual, parella i grup; Valeria Machuca i Carles Guillem competiran en parella, trio i grup; Nacho Viguer ho far\u00e0 tamb\u00e9 en parella, trio i grup, i Piero Gonz\u00e1lez formar\u00e0 part del grup espanyol.<\/p>\n<p>El Mundial reunir\u00e0 a Pamplona a alguns dels millors especialistes internacionals de gimn\u00e0stica aer\u00f2bica, en una oportunitat excepcional perqu\u00e8 els representants del club de Burjassot competisquen al m\u00e0xim nivell i, a m\u00e9s, puguen fer-ho davant el p\u00fablic espanyol. La pres\u00e8ncia de huit esportistes d&#8217;Abetmar en una competici\u00f3 d&#8217;este nivell suposa una nova fita per al club i reflectix el treball desenvolupat durant anys tant pels gimnastes com per l&#8217;equip t\u00e8cnic, les fam\u00edlies i totes les persones vinculades a l&#8217;entitat esportiva.<\/p>\n","contenido_es":"<p>El <strong>Club Gimnasia Abetmar Burjassot<\/strong> vuelve a competir entre la \u00e9lite internacional de la gimnasia aer\u00f3bica. <strong>Ocho de sus gimnastas han sido seleccionados<\/strong> para formar parte del <strong>equipo espa\u00f1ol que competir\u00e1 en el Campeonato del Mundo de Gimnasia Aer\u00f3bica 2026<\/strong>, una cita especialmente significativa que, este a\u00f1o, se celebra en Espa\u00f1a, en el Navarra Arena de Pamplona.<\/p>\n<p>La competici\u00f3n mundialista comenzar\u00e1 el viernes 4 de septiembre, con las categor\u00edas Youth y J\u00fanior, que se disputar\u00e1n hasta el domingo 6. Posteriormente, del 11 al 13 de septiembre, llegar\u00e1 el turno de la categor\u00eda S\u00e9nior, completando diez d\u00edas en los que Pamplona se convertir\u00e1 en el epicentro internacional de la gimnasia aer\u00f3bica.<\/p>\n<p><strong>La representaci\u00f3n del club burjassotense en la selecci\u00f3n espa\u00f1ola<\/strong> estar\u00e1 formada por <strong>Briana L\u00f3pez<\/strong>, en categor\u00eda Youth; <strong>Ivana Carri\u00f3n y Maryam Abdouni<\/strong>, en J\u00fanior; y <strong>Martina Gil, Valeria Machuca, Carles Guillem, Nacho Viguer y Piero Gonz\u00e1lez<\/strong>, en S\u00e9nior.<\/p>\n<p>Los ocho gimnastas competir\u00e1n formando parte del equipo espa\u00f1ol en diferentes modalidades. Briana L\u00f3pez participar\u00e1 en tr\u00edo y grupo; Ivana Carri\u00f3n lo har\u00e1 en individual, pareja y grupo, mientras que Maryam Abdouni competir\u00e1 en tr\u00edo. En categor\u00eda S\u00e9nior, Martina Gil participar\u00e1 en individual, pareja y grupo; Valeria Machuca y Carles Guillem competir\u00e1n en pareja, tr\u00edo y grupo; Nacho Viguer lo har\u00e1 tambi\u00e9n en pareja, tr\u00edo y grupo, y Piero Gonz\u00e1lez formar\u00e1 parte del grupo espa\u00f1ol.<\/p>\n<p>El Mundial reunir\u00e1 en Pamplona a algunos de los mejores especialistas internacionales de gimnasia aer\u00f3bica, en una oportunidad excepcional para que los representantes del club de Burjassot compitan al m\u00e1ximo nivel y, adem\u00e1s, puedan hacerlo ante el p\u00fablico espa\u00f1ol. La presencia de ocho deportistas de Abetmar en una competici\u00f3n de este nivel supone un nuevo hito para el club y refleja el trabajo desarrollado durante a\u00f1os tanto por los gimnastas como por el equipo t\u00e9cnico, las familias y todas las personas vinculadas a la entidad deportiva.<\/p>\n"},{"id":77091,"fecha_creacion":"2026-09-03 09:14:40","fecha_modificacion":"2026-09-03 09:21:33","imagen_mini":"https:\/\/www.burjassot.org\/wp-content\/uploads\/2026\/09\/IDP2024_SM_emblem_S-150x150.png","imagen_grande":"https:\/\/www.burjassot.org\/wp-content\/uploads\/2026\/09\/IDP2024_SM_emblem_S.png","titulo_va":"La primera animaci\u00f3 lectora del curs se centra en la pau i la democr\u00e0cia entre llibres","titulo_es":"La primera animaci\u00f3n lectora del nuevo curso se centra en la paz y la democracia entre libros","contenido_va":"<p><strong>El pr\u00f2xim 21 de setembre es commemora el Dia Internacional de la Pau<\/strong> i, amb motiu d&#8217;aquesta efem\u00e8ride, <strong>l&#8217;equip de les Biblioteques Municipals de Burjassot<\/strong> ha preparat la <strong>primera animaci\u00f3 lectora<\/strong> del curs a la <strong>Biblioteca Infantil<\/strong>.<strong> L&#8217;activitat tindr\u00e0 lloc\u00a0a partir de les 18.00 hores<\/strong> i tamb\u00e9 es far\u00e0 ress\u00f2 del Dia Internacional de la Democr\u00e0cia, que se celebra el 15 de setembre.<\/p>\n<p>La biblioteca fa seu el <strong>lema triat enguany per les Nacions Unides<\/strong> per a este 21 de setembre, <em><strong>Invertix en la pau, per a totes les persones, a tot arreu i tots els dies<\/strong><\/em>, amb la celebraci\u00f3 eixa mateixa jornada d&#8217;una activitat d&#8217;animaci\u00f3 lectora que aprofundeix en eixos conceptes tan necessaris de democr\u00e0cia i pau. Es far\u00e0 amb un taller dirigit a xiquetes i xiquets, que no han viscut m\u00e9s sistema que el democr\u00e0tic per\u00f2 que s\u00ed han pogut con\u00e9ixer de primera m\u00e0 esdeveniments que pertorben la pau com atemptats terroristes o guerres com les que actualment assolen diverses parts del m\u00f3n i de les quals es tenen not\u00edcies di\u00e0riament.<\/p>\n<p>A trav\u00e9s de la lectura de contes i amb un col\u00b7loqui-assemblea informal posterior, els menuts participants donaran la seua opini\u00f3 sobre aquests valors, democr\u00e0cia i pau, en contraposici\u00f3 a la guerra, les lluites i a qualsevol tipus d&#8217;enfrontament social.<\/p>\n","contenido_es":"<p>El <strong>pr\u00f3ximo 21 de septiembre se conmemora el D\u00eda Internacional de la Paz<\/strong> y, aprovechando esta efem\u00e9ride, el equipo de las Bibliotecas Municipales de Burjassot ha preparado la primera animaci\u00f3n lectora del curso en la Biblioteca Infantil. Animaci\u00f3n lectora que se celebrar\u00e1 <strong>a partir de las 18.00 horas<\/strong> y que tambi\u00e9n se har\u00e1 eco del D\u00eda Internacional de la Democracia que se celebra el 15 de septiembre.<\/p>\n<p>Desde la Biblioteca de Burjassot hacen suyo el lema elegido este a\u00f1o por las Naciones Unidas para este 21 de septiembre <strong><em>Invierte en la paz, para todas las personas, en todas partes y todos los d\u00edas<\/em><\/strong> con la celebraci\u00f3n esa misma jornada de una actividad de animaci\u00f3n lectora que ahonde en esos conceptos tan necesarios de democracia y paz. <strong>Se har\u00e1 con un taller dirigido a las y los m\u00e1s peque\u00f1o<\/strong>s, que no han vivido m\u00e1s sistema que el democr\u00e1tico pero que s\u00ed han podido conocer de primera mano acontecimientos que perturben la paz como atentados terroristas o guerras como las que actualmente asolan varias partes del mundo y de las que se tienen noticias a diario.<\/p>\n<p>A trav\u00e9s de la lectura de cuentos y, tras ella, con un coloquio-asamblea informal las y los participantes dar\u00e1n su opini\u00f3n sobre ambos conceptos, democracia y paz, en contraposici\u00f3n a la guerra, las luchas y a cualquier tipo de enfrentamiento social.<\/p>\n"},{"id":77085,"fecha_creacion":"2026-09-03 08:24:54","fecha_modificacion":"2026-09-03 08:32:22","imagen_mini":"https:\/\/www.burjassot.org\/wp-content\/uploads\/2026\/09\/26-09_sang_3-150x150.png","imagen_grande":"https:\/\/www.burjassot.org\/wp-content\/uploads\/2026\/09\/26-09_sang_3.png","titulo_va":"Burjassot acull quatre jornades de donaci\u00f3 de sang al setembre","titulo_es":"Burjassot tendr\u00e1 cuatro jornadas de donaci\u00f3n de sangre en el mes de septiembre","contenido_va":"<p>Fidel a la seua cita, <strong>el Centre de Transfusi\u00f3 de Sang de la Comunitat Valenciana visitar\u00e0 Burjassot en quatre ocasions, al setembre<\/strong>. Amb la col\u00b7laboraci\u00f3 de la Regidoria de Sanitat de l&#8217;Ajuntament de Burjassot, dirigida per Isabel M\u00aa Mora, en els seus despla\u00e7aments al municipi, el Centre de Transfusi\u00f3 de Sang recorda que la sang \u00e9s un element vital que no es pot fabricar, per aix\u00f2 \u00e9s tan important la col\u00b7laboraci\u00f3 ciutadana.<\/p>\n<p>La primera jornada de donaci\u00f3 ser\u00e0 el <strong>dilluns 7, a la planta baixa de l&#8217;Ajuntament, de 17.00 a 20.30 hores<\/strong>. La segona cita ser\u00e0 el <strong>divendres 11 de setembre, de 17.00 a 20.30 hores en el Casal de la Falla N\u00e0quera- Lauri Volpi (c\/ Lauri Volpi, 24)<\/strong>, mentre que\u00a0el <strong>Centre de Salut de Rubert i Vill\u00f3<\/strong> ser\u00e0 el punt de donaci\u00f3 de sang el <strong>dilluns 14 de setembre, de 16.30 a 20.30 hores.<\/strong><\/p>\n<p>L&#8217;\u00faltima oportunitat per a donar sang al setembre i contribuir aix\u00ed al fet que la reserva de sang dels hospitals valencians es mantinga, ser\u00e0 el<strong> dimarts 15 de setembre, de 16.30 a 20.30 hores en el Centre de Salut d&#8217;Especialitats (c\/ Beniferri, s\/n).\u00a0<\/strong><\/p>\n<p>Poden ser donants de sang totes les <strong>persones entre 18 i 65 anys que tinguen bon estat de salut i pesen m\u00e9s de 50 kg<\/strong>. Per a donar sang no \u00e9s ni necessari ni recomanable acudir en dej\u00fa.<\/p>\n","contenido_es":"<p>Inicio de curso y, con \u00e9l, fiel a su cita, <strong>el Centro de Transfusi\u00f3n de sangre de la Comunitat Valenciana<\/strong> va a visitar Burjassot en cuatro ocasiones durante el mes de septiembre.<\/p>\n<p>Desde el Centro de Transfusi\u00f3n, que cuenta <strong>con la colaboraci\u00f3n de la Concejal\u00eda de Sanidad del Ayuntamiento de Burjassot, dirigida por Isabel M\u00aa Mora, en sus desplazamientos al municipio<\/strong>, recuerdan que la sangre es un elemento vital que no se puede fabricar por eso es tan importante la colaboraci\u00f3n ciudadana.<\/p>\n<p>En septiembre, la primera de las visitas ser\u00e1 al hall del Ayuntamiento, <strong>concretamente el lunes d\u00eda 7 de 17.00 a 20.30 horas<\/strong>. La segunda de las citas con la solidaridad <strong>ser\u00e1 el viernes 11 de septiembre, de 17.00 a 20.30 horas en el Casal de la Falla N\u00e1quera- Lauri Volpi<\/strong>, en la c\/ Lauri Volpi, 24 <strong>siendo la tercera visita del mes la que tendr\u00e1 lugar el lunes 14 de septiembre<\/strong>, de 16.30 a 20.30 horas en el Centro de Salud de Rubert i Vill\u00f3.<\/p>\n<p>La \u00faltima oportunidad para donar sangre en este mes y ayudar con ello a que la reserva de sangre de los hospitales valencianos se mantenga, <strong>ser\u00e1 el martes 15 de septiembre, de 16.30 a 20.30 horas<\/strong> en el Centro de Especialidades, en la c\/ Beniferri, s\/n.<\/p>\n<p>Pueden ser donantes de sangre todas las personas entre 18 y 65 a\u00f1os que tengan buen estado de salud y pesen m\u00e1s de 50 kg. Para donar sangre no es necesario acudir en ayunas.<\/p>\n"},{"id":77069,"fecha_creacion":"2026-09-02 10:34:58","fecha_modificacion":"2026-09-02 10:41:07","imagen_mini":"https:\/\/www.burjassot.org\/wp-content\/uploads\/2026\/09\/el_ser_querido-751969963-large-150x150.jpg","imagen_grande":"https:\/\/www.burjassot.org\/wp-content\/uploads\/2026\/09\/el_ser_querido-751969963-large.jpg","titulo_va":"El cinema espanyol protagonitza la cartellera del primer cap de setmana de setembre en el T\u00edvoli amb \u00abEl ser querido\u00bb i el retorn de \u00abTadeo Jones\u00bb","titulo_es":"El cine espa\u00f1ol protagoniza la cartelera del primer fin de semana de septiembre en el T\u00edvoli con \u00abEl ser querido\u00bb y el regreso de \u00abTadeo Jones\u00bb","contenido_va":"<p><strong>El Cine T\u00edvoli<\/strong> dona la benvinguda al primer cap de setmana de setembre amb una<strong> cartellera protagonitzada pel cinema espanyo<\/strong>l i dos propostes dirigides a p\u00fablics diferents. D&#8217;una banda, l&#8217;animaci\u00f3 i l&#8217;aventura familiar arriben de la m\u00e0 de <em>Tadeo Jones y la l\u00e1mpara maravillosa<\/em>, el nou lliurament d&#8217;una de les sagues m\u00e9s populars del cinema d&#8217;animaci\u00f3 nacional. Per un altre, Rodrigo Sorogoyen torna a la pantalla gran amb <em>El ser querido<\/em>, el seu nou llargmetratge protagonitzat per Javier Bardem i Victoria Luengo. <strong>Del divendres 4 al dilluns 7 de setembre,<\/strong> el p\u00fablic de Burjassot podr\u00e0 gaudir de les dos estrenes al Cinema T\u00edvoli.<\/p>\n<p>L&#8217;arque\u00f2leg m\u00e9s fam\u00f3s de l&#8217;animaci\u00f3 espanyola torna amb una nova aventura, <a href=\"https:\/\/www.youtube.com\/watch?v=tSidpJ-M0os\"><em><strong>Tadeo Jones y la l\u00e1mpara maravillosa<\/strong><\/em><\/a>, dirigida per Enrique Gato. En esta ocasi\u00f3, Tadeo i Sara s&#8217;han convertit en pares d&#8217;Ol\u00edmpia, una intr\u00e8pida xiqueta de dos anys que ha despla\u00e7at a M\u00f2mia com a centre de totes les atencions. Durant unes vacacions a Londres, la busca del llegendari llum meravell\u00f3s de Les mil i una nits provocar\u00e0 un inesperat viatge en el temps que obligar\u00e0 a Tadeo, Sara i els seus inseparables companys a rec\u00f3rrer diferents racons del m\u00f3n per a evitar que el curs de la hist\u00f2ria canvie per sempre. <em>Tadeo Jones y la l\u00e1mpara maravillosa<\/em>, per a tots els p\u00fablics, podr\u00e0 veure&#8217;s <strong>el divendres 4 i el dissabte 5, a les 18.00 i a les 20.15 h; i el diumenge 6 i el dilluns 7, a les 18.00 h.<\/strong><\/p>\n<p>La segona proposta de la cartellera \u00e9s <a href=\"https:\/\/www.youtube.com\/watch?v=ApdPm1KWUcc\"><strong><em>El ser querido<\/em><\/strong><\/a>, la nova pel\u00b7l\u00edcula de Rodrigo Sorogoyen, escrita al costat del seu habitual col\u00b7laboradora Isabel Pe\u00f1a i protagonitzada per Javier Bardem i Victoria Luengo. La hist\u00f2ria gira entorn d&#8217;Esteban, un director de cinema, i la seua filla Emilia, actriu, que tornen a trobar-se despr\u00e9s d&#8217;anys de distanciament. A partir d&#8217;eixe retrobament, la pel\u00b7l\u00edcula s&#8217;endinsa en una complexa relaci\u00f3 paternofilial marcada per silencis, ferides del passat i dificultats per a comunicar-se. <em>El ser querido<\/em> es projectar\u00e0 el <strong>divendres 4 i el dissabte 5, a les 22.30 h; i el diumenge 6 i el dilluns 7, a les 20.15 h.<\/strong><\/p>\n<p>Les entrades per a gaudir de les estrenes m\u00e9s actuals al cinema local tenen un preu \u00fanic de quatre euros i poden adquirir-se telem\u00e0ticament en la <a href=\"https:\/\/exhicine.es\/cine\/cine-tivoli\/\"><strong>p\u00e0gina web del Cine T\u00edvoli<\/strong><\/a> i en la taquilla, des de 45 minuts abans de cada projecci\u00f3.<\/p>\n","contenido_es":"<p>El <strong>Cine T\u00edvoli<\/strong> da la bienvenida al primer fin de semana de septiembre con una cartelera protagonizada por el cine espa\u00f1ol y dos propuestas dirigidas a p\u00fablicos diferentes. Por un lado, la animaci\u00f3n y la aventura familiar llegan de la mano de <em>Tadeo Jones y la l\u00e1mpara maravillosa<\/em>, la nueva entrega de una de las sagas m\u00e1s populares del cine de animaci\u00f3n nacional. Por otro, Rodrigo Sorogoyen regresa a la gran pantalla con <em>El ser querido<\/em>, su nuevo largometraje protagonizado por Javier Bardem y Victoria Luengo. <strong>Del viernes 4 al lunes 7 de septiembre<\/strong>, el p\u00fablico de Burjassot podr\u00e1 disfrutar de ambos estrenos en el Cine T\u00edvoli.<\/p>\n<p>El arque\u00f3logo m\u00e1s famoso de la animaci\u00f3n espa\u00f1ola regresa con una nueva aventura<em>, <strong><a href=\"https:\/\/www.youtube.com\/watch?v=tSidpJ-M0os\">Tadeo Jones y la l\u00e1mpara maravillosa<\/a><\/strong><\/em>, dirigida por Enrique Gato. En esta ocasi\u00f3n, Tadeo y Sara se han convertido en padres de Olimpia, una intr\u00e9pida ni\u00f1a de dos a\u00f1os que ha desplazado a Momia como centro de todas las atenciones. Durante unas vacaciones en Londres, la b\u00fasqueda de la legendaria l\u00e1mpara maravillosa de <em>Las mil y una noches<\/em> provocar\u00e1 un inesperado viaje en el tiempo que obligar\u00e1 a Tadeo, Sara y sus inseparables compa\u00f1eros a recorrer distintos rincones del mundo para evitar que el curso de la historia cambie para siempre. <em>Tadeo Jones y la l\u00e1mpara maravillosa<\/em>, para todos los p\u00fablicos, podr\u00e1 verse el <strong>viernes 4 y el s\u00e1bado 5, a las 18.00 y a las 20.15 h; y el domingo 6 y el lunes 7, a las 18.00 h<\/strong>.<\/p>\n<p>La segunda propuesta de la cartelera es <strong><em><a href=\"https:\/\/www.youtube.com\/watch?v=ApdPm1KWUcc\">El ser querido<\/a><\/em><\/strong>, la nueva pel\u00edcula de Rodrigo Sorogoyen, escrita junto a su habitual colaboradora Isabel Pe\u00f1a y protagonizada por Javier Bardem y Victoria Luengo. La historia gira en torno a Esteban, un director de cine, y su hija Emilia, actriz, que vuelven a encontrarse despu\u00e9s de a\u00f1os de distanciamiento. A partir de ese reencuentro, la pel\u00edcula se adentra en una compleja relaci\u00f3n paternofilial marcada por silencios, heridas del pasado y dificultades para comunicarse. <em>El ser querido<\/em> se proyectar\u00e1 el <strong>viernes 4 y el s\u00e1bado 5, a las 22.30 h; y el domingo 6 y el lunes 7, a las 20.15 h<\/strong>.<\/p>\n<p>Las entradas para disfrutar de los estrenos m\u00e1s actuales en el cine local tienen un precio \u00fanico de cuatro euros y pueden adquirirse telem\u00e1ticamente en la<strong> <a href=\"https:\/\/exhicine.es\/cine\/cine-tivoli\/\">p\u00e1gina web del Cine T\u00edvoli<\/a><\/strong> y en la taquilla, desde 45 minutos antes de cada proyecci\u00f3n.<\/p>\n"},{"id":77059,"fecha_creacion":"2026-09-01 13:54:06","fecha_modificacion":"2026-09-01 13:59:25","imagen_mini":"https:\/\/www.burjassot.org\/wp-content\/uploads\/2026\/09\/Torneo-Los-Silos-futbol-sala-septiembre-2026-150x150.jpg","imagen_grande":"https:\/\/www.burjassot.org\/wp-content\/uploads\/2026\/09\/Torneo-Los-Silos-futbol-sala-septiembre-2026.jpg","titulo_va":"El CFS Parque Los Silos celebra el II Trofeu \u201cLos Silos\u201d de futbol sala","titulo_es":"Burjassot acoge el II Trofeo \u201cLos Silos\u201d de f\u00fatbol sala de manos del CFS Parque Los Silos","contenido_va":"<p>Comen\u00e7a la temporada esportiva a Burjassot i ho fa en gran. <strong>El dissabte 5 de setembre,\u00a0el CFS Parc Los Silos Burjassot celebra la<\/strong> <strong>segona edici\u00f3 del Trofeu Los Silos Burjassot\u00a0de futbol sala.<\/strong> El torneig tindr\u00e0 lloc a partir de les 20.15 hores, en el Pavell\u00f3 Municipal, dins del Poliesportiu.<\/p>\n<p>L&#8217;equip amfitri\u00f3 s&#8217;enfrontar\u00e0 al Club Esportiu Cumbres, de categoria preferent.<\/p>\n<p>Una vesprada per a gaudir de l&#8217;esport, compartir bons moments i, sobretot, continuar fent del futbol sala un punt de trobada i d&#8217;uni\u00f3 per a Burjassot, tal com assenyalen des del club local.<\/p>\n","contenido_es":"<p>Empieza la temporada deportiva en Burjassot y lo hace a lo grande. Este fin de semana, concretamente el <strong>s\u00e1bado 5 de septiembre a partir de las 20.15 horas en el Pabell\u00f3n Municipal, <\/strong>dentro del Polideportivo<strong>,<\/strong> tendr\u00e1 lugar la segunda edici\u00f3n del Trofeo Los Silos Burjassot, de f\u00fatbol sala, que llega de manos del CFS Parque Los Silos Burjassot.<\/p>\n<p>El equipo anfitri\u00f3n <strong>se enfrentar\u00e1 al Club Deportivo Cumbres<\/strong>, de categor\u00eda preferente, en una nueva edici\u00f3n de su trofeo.<\/p>\n<p>Una tarde-noche para disfrutar del deporte, compartir buenos momentos y, sobre todo, seguir haciendo del f\u00fatbol sala un punto de encuentro y de uni\u00f3n para Burjassot, <strong>tal y como han se\u00f1alado desde el club<\/strong>.<\/p>\n"},{"id":77050,"fecha_creacion":"2026-09-01 13:31:37","fecha_modificacion":"2026-09-01 13:42:59","imagen_mini":"https:\/\/www.burjassot.org\/wp-content\/uploads\/2026\/09\/Alimentaci\u00f3n-Saludable-septiembre-26-150x150.jpg","imagen_grande":"https:\/\/www.burjassot.org\/wp-content\/uploads\/2026\/09\/Alimentaci\u00f3n-Saludable-septiembre-26.jpg","titulo_va":"La Casa de Cultura acull, els dimarts de setembre, diferents tallers sobre alimentaci\u00f3 saludable","titulo_es":"La Casa de Cultura acoge, los martes de septiembre, diferentes talleres sobre alimentaci\u00f3n saludable","contenido_va":"<p>Amb la col\u00b7laboraci\u00f3 de la Regidoria de Sanitat de l&#8217;Ajuntament de Burjassot, dirigida per Isabel M\u00aa Mora, <strong>els Centres de Salut de Burjassot han programat cinc tallers sobre alimentaci\u00f3 saludable<\/strong> que tindran lloc<strong> els dimarts de setembre, en horari de 12.00 a 13.30 hores, a la Casa de Cultura<\/strong>. Els dimarts de taller seran els <strong>dies 1, 8, 15. 22 i 29 de setembre.<\/strong>\u00a0L&#8217;\u00fanic requisit per a asistir \u00e9s <strong>acudir a la Casa de Cultura amb la targeta SIP.<\/strong><\/p>\n<p>Estos tallers s&#8217;emmarquen en el Programa d&#8217;Alimentaci\u00f3 Saludable organitzat pels centres de salut, i en ells es donaran pautes per a llegir etiquetes, com cuinar un plat de manera sana, com conservar els aliments, aprendre a tindre una relaci\u00f3 sana amb el menjar i moltes coses m\u00e9s, totes molt pr\u00e0ctiques i orientades a millorar els h\u00e0bits alimentaris de la ciutadania.<\/p>\n<p>Els centres de salut animen a la poblaci\u00f3 a participar en els tallers i, m\u00e9s, en el cas de patir algun tipus de malaltia, com diabetis, hipertensi\u00f3, hipercolesterol\u00e8mia, etc.<\/p>\n","contenido_es":"<p>Contando con la colaboraci\u00f3n de la Concejal\u00eda de Sanidad del Ayuntamiento de Burjassot, dirigida por Isabel M\u00aa Mora, los Centros de Salud de Burjassot han programado cinco talleres sobre alimentaci\u00f3n saludable que se desarrollar\u00e1n <strong>durante los martes del mes de septiembre, en horario de 12.00 a 13.30 horas, en la Casa de Cultura del municipio. Los martes de taller ser\u00e1n los d\u00edas 1, 8, 15. 22 y 29 de septiembre<\/strong>.<\/p>\n<p>Para ser parte de estos, las personas interesadas simplemente <strong>tienen que acudir al citado espacio municipal con su tarjeta SIP.<\/strong><\/p>\n<p>Estos talleres se enmarcan en el programa de alimentaci\u00f3n saludable organizado por los Centros, donde se ense\u00f1ar\u00e1 a leer etiquetas, c\u00f3mo cocinar un plato de forma sana, c\u00f3mo conservar los alimentos, a aprender a tener una relaci\u00f3n sana con la comida y muchas cosas m\u00e1s, todas muy pr\u00e1cticas y orientadas a mejorar los h\u00e1bitos alimentarios de la ciudadan\u00eda.<\/p>\n<p>Desde los Centros de Salud <strong>animan a la poblaci\u00f3n a participar en los talleres<\/strong> y, m\u00e1s, en el caso de tener alg\u00fan tipo de patolog\u00eda, tales como diabetes, hipertensi\u00f3n, hipercolesterolemia, etc.<\/p>\n"},{"id":77040,"fecha_creacion":"2026-09-01 12:05:31","fecha_modificacion":"2026-09-01 13:28:36","imagen_mini":"https:\/\/www.burjassot.org\/wp-content\/uploads\/2026\/04\/Ayuntamiento-de-Burjassot-150x150.jpg","imagen_grande":"https:\/\/www.burjassot.org\/wp-content\/uploads\/2026\/04\/Ayuntamiento-de-Burjassot.jpg","titulo_va":"L&#8217;Ajuntament de Burjassot obri els terminis de presentaci\u00f3 de sol\u00b7licituds a diferents premis i subvencions","titulo_es":"Abiertos los plazos de presentaci\u00f3n de solicitudes de diferentes subvenciones y premios del Ayuntamiento de Burjassot","contenido_va":"<p><strong>L&#8217;Ajuntament de Burjassot ha obert hui, dimarts 1 de setembre, el termini de presentaci\u00f3 de sol\u00b7licituds de diferents procediments de subvencions i premis<\/strong> convocats pel Consistori.<\/p>\n<p>En el cas dels Premis Dona i Esport, a xiquetes i xiquets esportistes, a esportistes d&#8217;elit i la subvenci\u00f3 a clubs esportius, el termini de presentaci\u00f3 de sol\u00b7licituds estar\u00e0 obert <strong>fins al dimarts 15 de setembre<\/strong>. En el cas dels Premis d&#8217;ensenyances art\u00edstiques, <strong>estar\u00e0 obert fins al 21 de setembre<\/strong>.<\/p>\n<p><a href=\"https:\/\/transparencia.burjassot.org\/va\/contrataciones-convenios-y-subvenciones\/subvencions-i-ajudes\/subvenciones-y-ayudas-ano-2026\/convocatoria-de-premios-mujer-y-deporte-destinados-a-apoyar-a-entidades-deportivas-y-deportistas-de-burjassot-ejercicio-2026\/\">Premis Dona i Esport<\/a><br \/>\n<a href=\"https:\/\/transparencia.burjassot.org\/va\/contrataciones-convenios-y-subvenciones\/subvencions-i-ajudes\/subvenciones-y-ayudas-ano-2026\/convocatoria-de-premios-destinados-a-ninos-y-ninas-que-participan-en-competiciones-deportivas-2026\/\">Premis a xiquetes i xiquets esportistes<\/a><br \/>\n<a href=\"https:\/\/transparencia.burjassot.org\/va\/contrataciones-convenios-y-subvenciones\/subvencions-i-ajudes\/subvenciones-y-ayudas-ano-2026\/convocatoria-de-subvenciones-destinadas-a-ayudas-para-estudios-y-formacion-para-ensenanzas-artisticas-musica-y-danza-de-ninos-y-ninas-entre-6-y-14-anos-ejercicio-2026\/\">Premis esportistes d&#8217;elit<\/a><br \/>\n<a href=\"https:\/\/transparencia.burjassot.org\/va\/contrataciones-convenios-y-subvenciones\/subvencions-i-ajudes\/subvenciones-y-ayudas-ano-2026\/convocatoria-de-subvenciones-destinadas-a-ayudas-para-estudios-y-formacion-para-ensenanzas-artisticas-musica-y-danza-de-ninos-y-ninas-entre-6-y-14-anos-ejercicio-2026\/\">Premis ensenyances art\u00edstiques<\/a><br \/>\n<a href=\"https:\/\/transparencia.burjassot.org\/va\/contrataciones-convenios-y-subvenciones\/subvencions-i-ajudes\/subvenciones-y-ayudas-ano-2026\/convocatoria-de-ayudas-en-materia-de-deportes-destinadas-a-apoyar-a-los-clubs-y-entidades-deportivas-de-burjassot-ejercicio-2026\/\">Subvencions a clubs esportius<\/a><\/p>\n","contenido_es":"<p>Tal y como se inform\u00f3 hace unos meses, <strong>el Ayuntamiento de Burjassot ha abierto hoy, martes 1 de septiembre<\/strong>, el plazo de presentaci\u00f3n de solicitudes de diferentes procedimientos de subvenciones y premios convocados por el Consistorio.<\/p>\n<p>En el caso de los Premios Mujer y Deporte, a ni\u00f1as y ni\u00f1os deportistas, a deportistas de \u00e9lite y la subvenci\u00f3n a clubes deportivos, el plazo de presentaci\u00f3n de solicitudes estar\u00e1 abierto <strong>hasta el martes 15 de septiembre. En el caso de los Premios de ense\u00f1anzas art\u00edsticas, estar\u00e1 abierto hasta el 21 de septiembre.\u00a0<\/strong><\/p>\n<p><a href=\"https:\/\/transparencia.burjassot.org\/contrataciones-convenios-y-subvenciones\/subvenciones-y-ayudas\/subvenciones-y-ayudas-ano-2026\/convocatoria-de-premios-mujer-y-deporte-destinados-a-apoyar-a-entidades-deportivas-y-deportistas-de-burjassot-ejercicio-2026\/\">Premios Mujer y Deporte<\/a><\/p>\n<p><a href=\"https:\/\/transparencia.burjassot.org\/contrataciones-convenios-y-subvenciones\/subvenciones-y-ayudas\/subvenciones-y-ayudas-ano-2026\/convocatoria-de-premios-destinados-a-ninos-y-ninas-que-participan-en-competiciones-deportivas-2026\/\">Premios a ni\u00f1as y ni\u00f1os deportistas<\/a><\/p>\n<p><a href=\"https:\/\/transparencia.burjassot.org\/contrataciones-convenios-y-subvenciones\/subvenciones-y-ayudas\/subvenciones-y-ayudas-ano-2026\/convocatoria-de-subvenciones-destinadas-a-ayudas-para-estudios-y-formacion-para-ensenanzas-artisticas-musica-y-danza-de-ninos-y-ninas-entre-6-y-14-anos-ejercicio-2026\/\">Premios deportistas de \u00e9lite<\/a><\/p>\n<p><a href=\"https:\/\/transparencia.burjassot.org\/contrataciones-convenios-y-subvenciones\/subvenciones-y-ayudas\/subvenciones-y-ayudas-ano-2026\/convocatoria-de-subvenciones-destinadas-a-ayudas-para-estudios-y-formacion-para-ensenanzas-artisticas-musica-y-danza-de-ninos-y-ninas-entre-6-y-14-anos-ejercicio-2026\/\">Premios ense\u00f1anzas art\u00edsticas<\/a><\/p>\n<p><a href=\"https:\/\/transparencia.burjassot.org\/contrataciones-convenios-y-subvenciones\/subvenciones-y-ayudas\/subvenciones-y-ayudas-ano-2026\/convocatoria-de-ayudas-en-materia-de-deportes-destinadas-a-apoyar-a-los-clubs-y-entidades-deportivas-de-burjassot-ejercicio-2026\/\">Subvenciones a clubes deportivos<\/a><\/p>\n<p>&nbsp;<\/p>\n"},{"id":77033,"fecha_creacion":"2026-09-01 11:48:35","fecha_modificacion":"2026-09-01 11:56:31","imagen_mini":"https:\/\/www.burjassot.org\/wp-content\/uploads\/2026\/09\/eixam-506487866-large-150x150.jpg","imagen_grande":"https:\/\/www.burjassot.org\/wp-content\/uploads\/2026\/09\/eixam-506487866-large.jpg","titulo_va":"La valenciana \u00abEixam\u00bb tanca les nits de cinema a l&#8217;aire lliure a l&#8217;Auditori de la Casa de Cultura","titulo_es":"La valenciana \u00abEixam\u00bb cierra las noches de cine al aire libre en el Auditorio de la Casa de Cultura","contenido_va":"<p>El cinema a l&#8217;aire lliure a Burjassot es prepara per a acomiadar-se amb una \u00faltima cita en la pantalla gran i amb segell valenci\u00e0. <strong>L&#8217;Auditori de la Casa de Cultura tancar\u00e0 la seua temporada cinematogr\u00e0fica amb<em> Eixam<\/em>,<\/strong> el llargmetratge dirigit per \u00d2scar Bern\u00e0cer, que podr\u00e0 veure&#8217;s durant tres nits consecutives, del <strong>divendres 4 al diumenge 6 de setembre, en la sessi\u00f3 de les 22.15 h.<\/strong><\/p>\n<p>El thriller rural, rodat en valenci\u00e0, est\u00e0 protagonitzat un elenc eminentment valenci\u00e0 encap\u00e7alat per Pablo Molinero, Cristina Fern\u00e1ndez Pintado, Mar\u00eda Maroto i Pablo Derqui, al costat d&#8217;int\u00e8rprets com Abdelatif Hwidar, \u00c0ngel F\u00edgols, Gloria March i Marta Belenguer. Amb una duraci\u00f3 de 100 minuts, es tracta del nou treball d&#8217;\u00d2scar Bern\u00e0cer, amb gui\u00f3 de Joana M. Ortueta i Jorge Juan Mart\u00ednez. La cinta arriba a les sales espanyoles el mateix 4 de setembre, coincidint amb la seua primera projecci\u00f3 a l&#8217;Auditori de la Casa de Cultura.<\/p>\n<p>Eixam conta la hist\u00f2ria de Lluc, un home que l&#8217;ha perdut tot i al qual Alba oferix una eixida: integrar-se en un llogaret a\u00efllat on un grup de persones conviu en una comunitat aparentment harm\u00f2nica. Lluc s&#8217;aferra a esta segona oportunitat, apr\u00e9n a viure sota les normes de la comunitat i troba l&#8217;amor de Silvia. No obstant aix\u00f2, a poc a poc, el miratge comen\u00e7a a clivellar-se i ixen a la llum la perversi\u00f3 del sistema creat per Alba i els foscos secrets que s&#8217;amaguen despr\u00e9s dels seus or\u00edgens.<\/p>\n<p>Despr\u00e9s de les tres sessions a l&#8217;Auditori, el p\u00fablic de Burjassot tindr\u00e0 una nova oportunitat de gaudir d&#8217;Eixam al Cine T\u00edvoli, on la pel\u00b7l\u00edcula tornar\u00e0 a projectar-se en versi\u00f3 original en valenci\u00e0 amb subt\u00edtols en castell\u00e0. En este cas, <strong>les sessions tindran lloc el divendres 11 de setembre, a les 20.15 hores; el dissabte 12, a les 19.15 hores; i el dilluns 14, a les 18.00 hores.<\/strong> A m\u00e9s, la sessi\u00f3 del dissabte 12 de setembre comptar\u00e0 amb un atractiu afegit: <strong>\u00d2scar Bern\u00e0cer acudir\u00e0 al Cinema T\u00edvoli per a presentar la pel\u00b7l\u00edcula i participar en un col\u00b7loqui<\/strong> amb el p\u00fablic, oferint l&#8217;oportunitat de con\u00e9ixer de primera m\u00e0 el proc\u00e9s creatiu i els detalls del seu nou llarg.<\/p>\n<p>Les entrades per a gaudir del cinema local tenen un preu \u00fanic de quatre euros i es poden adquirir telem\u00e0ticament en la <a href=\"https:\/\/exhicine.es\/cine\/auditori-burjassot\/\"><strong>p\u00e0gina web del Cine T\u00edvoli<\/strong><\/a> i en la taquilla, des de 45 minuts abans de l&#8217;inici de cada projecci\u00f3.<\/p>\n","contenido_es":"<p>El cine al aire libre en Burjassot se prepara para despedirse con una \u00faltima cita en la gran pantalla y con sello valenciano<strong>. El Auditorio de la Casa de Cultura cerrar\u00e1 su temporada cinematogr\u00e1fica con <em>Eixam<\/em><\/strong>, el largometraje dirigido por \u00d2scar Bern\u00e0cer, que podr\u00e1 verse durante tres noches consecutivas, <strong>del viernes 4 al domingo 6 de septiembre, en la sesi\u00f3n de las 22.15 h.<\/strong><\/p>\n<p>El thriller rural, rodado en valenciano, est\u00e1 protagonizado un elenco eminentemente valenciano encabezado por Pablo Molinero, Cristina Fern\u00e1ndez Pintado, Mar\u00eda Maroto y Pablo Derqui, junto a int\u00e9rpretes como Abdelatif Hwidar, \u00c0ngel F\u00edgols, Gloria March y Marta Belenguer. Con una duraci\u00f3n de 100 minutos, se trata del nuevo trabajo de \u00d2scar Bern\u00e0cer, con guion de Joana M. Ortueta y Jorge Juan Mart\u00ednez. La cinta llega a las salas espa\u00f1olas el mismo 4 de septiembre, coincidiendo con su primera proyecci\u00f3n en el Auditorio de la Casa de Cultura.<\/p>\n<p><em>Eixam<\/em> (<em>Enjambre<\/em>) cuenta la historia de Lluc, un hombre que lo ha perdido todo y al que Alba ofrece una salida: integrarse en una aldea aislada donde un grupo de personas convive en una comunidad aparentemente arm\u00f3nica. Lluc se aferra a esta segunda oportunidad, aprende a vivir bajo las normas de la comunidad y encuentra el amor de Silvia. Sin embargo, poco a poco, el espejismo comienza a resquebrajarse y salen a la luz la perversi\u00f3n del sistema creado por Alba y los oscuros secretos que se esconden tras sus or\u00edgenes.<\/p>\n<p>Tras las tres sesiones en el Auditorio, <strong>el p\u00fablico de Burjassot tendr\u00e1 una nueva oportunidad de disfrutar de <em>Eixam<\/em> en el Cine T\u00edvoli<\/strong>, donde la pel\u00edcula volver\u00e1 a proyectarse en versi\u00f3n original en valenciano con subt\u00edtulos en castellano. En este caso, las sesiones tendr\u00e1n lugar <strong>el viernes 11 de septiembre, a las 20.15 horas; el s\u00e1bado 12, a las 19.15 horas; y el lunes 14, a las 18.00 horas<\/strong>. Adem\u00e1s, <strong>la sesi\u00f3n del s\u00e1bado 12 de septiembre contar\u00e1 con un atractivo a\u00f1adido: \u00d2scar Bern\u00e0cer <\/strong>acudir\u00e1 al Cine T\u00edvoli para <strong>presentar la pel\u00edcula y participar en un coloquio con el p\u00fablico<\/strong>, ofreciendo la oportunidad de conocer de primera mano el proceso creativo y los detalles de su nuevo largo.<\/p>\n<p>Las entradas para disfrutar del cine local tienen un precio \u00fanico de cuatro euros y se pueden adquirir telem\u00e1ticamente en la <a href=\"https:\/\/exhicine.es\/cine\/auditori-burjassot\/\">p\u00e1gina web del Cine T\u00edvoli<\/a> y en la taquilla, desde 45 minutos antes del inicio de cada proyecci\u00f3n.<\/p>\n"},{"id":77027,"fecha_creacion":"2026-09-01 11:10:25","fecha_modificacion":"2026-09-01 11:15:52","imagen_mini":"https:\/\/www.burjassot.org\/wp-content\/uploads\/2026\/09\/A3_Ecomobils_EMTRE_SETEMBRE_def-03-150x150.jpg","imagen_grande":"https:\/\/www.burjassot.org\/wp-content\/uploads\/2026\/09\/A3_Ecomobils_EMTRE_SETEMBRE_def-03.jpg","titulo_va":"L&#8217;Ecoparc m\u00f2bil visitar\u00e0 Burjassot en dos ocasions, al setembre","titulo_es":"Burjassot recibir\u00e1 en dos ocasiones al Ecoparque m\u00f3vil de la Emtre durante septiembre","contenido_va":"<p><strong>L&#8217;Ecoparc M\u00f2bil de l&#8217;Entitat Metropolitana de Tractament de Residus (EMTRE)<\/strong> torna a Burjassot al setembre, amb l&#8217;objectiu d&#8217;ajudar la ciutadania a reciclar, de manera correcta.<\/p>\n<p>L&#8217;Ecoparc <strong>donar\u00e0 servei al municipi en dos ocasions: del 3 al 5 de setembre i a finals de mes, del 21 al 23 de setembre<\/strong> en la seua ubicaci\u00f3 habitual, l&#8217;aparcament de Les Palmeres, al costat del Mercat Municipal l\u2019Almara.\u00a0L&#8217;horari per a aix\u00f2 ser\u00e0 <strong>de 10.00 a 14.00 hores i de 16.00 a 19.00 hores, els dies entre setmana, i de 10.00 a 13.00 hores el dissabte 5 de setembre.<\/strong><\/p>\n<p>El ve\u00efnat de Burjassot podr\u00e0 a l&#8217;ecoparc residus com ara bateries, m\u00f2bils, oli de motor, xicotets electrodom\u00e8stics o cartutxos d&#8217;impressora, entre altres.<\/p>\n<p>Els Ecoparcs m\u00f2bils de la Emtre s\u00f3n instal\u00b7lacions de recollida selectiva de residus que arriben a Burjassot de mans de l&#8217;Oficina de Sostenibilitat Local, coordinada des de la Regidoria de Medi Ambient, dirigida per Estefan\u00eda Ballesteros.<\/p>\n<p>A l&#8217;octubre, l&#8217;Ecoparc tornar\u00e0 a visitar el municipi en dos ocasions, els dies 8 i 10 i del 26 al 28.<\/p>\n","contenido_es":"<p>Cita obligada mes a mes en el municipio, en septiembre el Ecoparque M\u00f3vil de la Entidad Metropolitana de Tratamiento de Residuos (EMTRE) vuelve a Burjassot con el objetivo de ayudar a la ciudadan\u00eda a reciclar, de manera correcta.<\/p>\n<p>En este mes, el Ecoparque estar\u00e1 en el municipio en dos ocasiones: <strong>a principios de mes, del d\u00eda 3 al 5 de septiembre y a finales, del 21 al 23 de septiembre<\/strong> en su ubicaci\u00f3n habitual, el aparcamiento de Las Palmeras, pr\u00f3ximo al Mercado Municipal l\u2019Almara.<\/p>\n<p>Las y los vecinos de Burjassot podr\u00e1n llevar los residuos tales como bater\u00edas, m\u00f3viles, aceite de motor, peque\u00f1os electrodom\u00e9sticos o cartuchos de impresora, entre otros<strong>. El horario para ello ser\u00e1 de 10.00 a 14.00 horas y de 16.00 a 19.00 horas, los d\u00edas entre semana, y de 10.00 a 13.00 horas el s\u00e1bado 5 de septiembre<\/strong>.<\/p>\n<p>Los Ecoparques m\u00f3viles de la Emtre <strong>son instalaciones de recogida selectiva de residuos que llegan a Burjassot<\/strong> de manos de la Oficina de Sostenibilidad Local, <strong>coordinada desde la Concejal\u00eda de Medio Ambiente, dirigida por Estefan\u00eda Ballesteros<\/strong>.<\/p>\n<p>En el mes de octubre el Ecoparque volver\u00e1 a visitar el municipio en dos ocasiones, <strong>los d\u00edas 8 y 10 de octubre y del 26 al 28 <\/strong>del mismo mes.<\/p>\n"},{"id":77006,"fecha_creacion":"2026-08-13 12:31:24","fecha_modificacion":"2026-09-02 11:01:12","imagen_mini":"https:\/\/www.burjassot.org\/wp-content\/uploads\/2026\/08\/26-11_teat_tranvia_vlc_3-150x150.png","imagen_grande":"https:\/\/www.burjassot.org\/wp-content\/uploads\/2026\/08\/26-11_teat_tranvia_vlc_3.png","titulo_va":"La programaci\u00f3 cultural inicia la temporada amb \u00abTramvia n\u00fam. 12\u00bb, de La Finestra Nou Circ","titulo_es":"La programaci\u00f3n cultural inicia temporada con \u00abTranv\u00eda N\u00ba12\u00bb, de La Finestra Nou Circ","contenido_va":"<p>Cinc personatges diferents es reunixen en una peculiar parada d&#8217;un antic tramvia, estan nerviosos, sense ubicaci\u00f3, nom\u00e9s tenen una cosa en com\u00fa\u2026 esperen\u2026aix\u00ed comen\u00e7a <strong>el primer dels espectacles gratu\u00efts que l&#8217;Ajuntament de Burjassot, des de la Regidoria de Cultura, dirigida per Javier Naharros<\/strong>, oferir\u00e0 fins a final d&#8217;any.<\/p>\n<p>Una programaci\u00f3 regular que comen\u00e7ar\u00e0 amb <em>Tramvia n\u00fam. 12<\/em>, de<strong> La Finestra Nou Circ, un espectacle de teatre i circ que va ser mereixedor del premi al<\/strong>\u00a0Millor Espectacle de Circ en els Premis de les Arts Esc\u00e8niques Valencianes 2021. La posada en escena ser\u00e0 el <strong>diumenge, 20 de setembre, a les 12.00 hores al Parc de La Granja<\/strong>.<\/p>\n<p>Els cinc personatges que protagonitzen l&#8217;espectacle estan llestos per a anar-se, viatjar, descobrir el que els oferix el seu dest\u00ed\u2026 el tramvia est\u00e0 all\u00ed esperant-los, per\u00f2 sempre hi ha un motiu pel qual mai ix. Esta emoci\u00f3 col\u00b7lectiva provocar\u00e0 en ells una forma inesperada de relacionar-se, de con\u00e9ixer-se, <strong>descobrint que tenen m\u00e9s en com\u00fa del que creien, molt de talent, la creativitat<\/strong>, el circ, el sentit de l&#8217;humor davant la vida i la seua peculiar resili\u00e8ncia.<\/p>\n<p>Per a con\u00e9ixer m\u00e9s a la companyia i l&#8217;espectacle que posar\u00e0 en escena a Burjassot, pot visitar-se el seu web, <a href=\"https:\/\/www.lafinestranoucirc.com\/tranvia12\/\">PUNXANT AC\u00cd.<\/a><\/p>\n","contenido_es":"<p>Cinco personajes diferentes se re\u00fanen en una peculiar parada de un antiguo tranv\u00eda, est\u00e1n nerviosos, desubicados, solo tienen una cosa en com\u00fan\u2026 esperan\u2026as\u00ed empieza <strong>el primero de los espect\u00e1culos gratuitos que el Ayuntamiento de Burjassot<\/strong>, desde <strong>la Concejal\u00eda de Cultura, dirigida por Javier Naharros<\/strong>, va a ofrecer hasta final de a\u00f1o.<\/p>\n<p>Una programaci\u00f3n regular que comenzar\u00e1 con <strong><em>Tranv\u00eda N\u00ba 12<\/em><\/strong>, de La Finestra Nou Circ, un espect\u00e1culo de teatro y circo, que fue merecedor del premio al Mejor Espect\u00e1culo de Circo de los Premis de les Arts Esc\u00e8niques Valencianes 2021. La puesta en escena ser\u00e1 el <strong>domingo, 20 de septiembre, a las 12.00 horas en el Parque de La Granja<\/strong>.<\/p>\n<p>Los cinco personajes que protagonizan el espect\u00e1culo est\u00e1n listos para irse, viajar, descubrir lo que les depara su destino\u2026 el tranv\u00eda est\u00e1 all\u00ed esper\u00e1ndolos, pero siempre hay un motivo por el que nunca sale. Esta emoci\u00f3n colectiva <strong>provocar\u00e1 en ellos una forma inesperada de relacionarse, de conocerse, descubriendo que tienen m\u00e1s en com\u00fan<\/strong> de lo que cre\u00edan, mucho talento, la creatividad, el circo, el sentido del humor ante la vida y su peculiar resiliencia.<\/p>\n<p>Para conocer m\u00e1s a la compa\u00f1\u00eda y el espect\u00e1culo que va a poner en escena en Burjassot, puede visitarse su web, <a href=\"https:\/\/www.lafinestranoucirc.com\/tranvia12\/\">PINCHANDO AQU\u00cd.<\/a><\/p>\n"},{"id":76998,"fecha_creacion":"2026-08-13 11:53:12","fecha_modificacion":"2026-08-13 13:11:42","imagen_mini":"https:\/\/www.burjassot.org\/wp-content\/uploads\/2026\/08\/Pere-Ferrer-Val-150x150.png","imagen_grande":"https:\/\/www.burjassot.org\/wp-content\/uploads\/2026\/08\/Pere-Ferrer-Val.png","titulo_va":"El burjassoter Pere Ferrer presenta a la Casa de Cultura de Burjassot el seu llibre \u00ab30 relatos de amor y un poema desesperado\u00bb","titulo_es":"El burjassotense Pere Ferrer presenta en la Casa de Cultura de Burjassot su libro \u00ab30 relatos de amor y un poema desesperado\u00bb","contenido_va":"<p>Amor de parella, de fam\u00edlia, d&#8217;amics, als nostres afins\u2026l&#8217;amor en les seues m\u00faltiples formes, moltes d&#8217;elles desconegudes o que no sabem fins i tot identificar&#8230; <strong>Amor que arribar\u00e0 a la Casa de Cultura de Burjassot de mans del burjassoter Pere Ferrer Sanchis que presenta el seu llibre <em>30 relatos de amor y un poema desesperado<\/em><\/strong>, de NPQ Editores del Grupo Editorial Sargantana. L<strong>a presentaci\u00f3 tindr\u00e0 lloc el dijous 17 de setembre a les 19.00 hores a la Sala d&#8217;Audiovisuals<\/strong>.<\/p>\n<p>Amb el seu amable somriure i el seu saber fer en el m\u00f3n de les lletres, <strong>Pere presentar\u00e0 una recopilaci\u00f3 de relats en els quals es creuen hist\u00f2ries d&#8217;amor escrites al llarg dels \u00faltims 30 anys<\/strong>, entrella\u00e7ades totes elles amb la trama de la imaginaci\u00f3 i l&#8217;ordit de la realitat viscuda, per a anar donant forma a la visi\u00f3 que l&#8217;autor t\u00e9 de les diferents formes d&#8217;amor.<\/p>\n<p>Hist\u00f2ries que mostren l&#8217;amor que es reconeix en la parella, en el si de la fam\u00edlia, el paternal o el que sustenta l&#8217;amistat. Tamb\u00e9 l&#8217;amor que, a vegades, manifestem per la nostra professi\u00f3 o el que vam demostrar cap als nostres afins o ve\u00efns. O aquell que fins i tot intu\u00efm o imaginem entre desconeguts.<\/p>\n<p>Per\u00f2 com la realitat, que sempre ens mostra dos cares, <strong>tamb\u00e9 hi ha entre estes p\u00e0gines desamor, desafecci\u00f3, desagafe<\/strong> i, en definitiva, una mirada cada vegada m\u00e9s transparent d&#8217;alg\u00fa que viu pegat a un teclat i amb un boli o llapis sempre a la seua m\u00e0 esquerra i que quan no escriu\u2026 a vegades tamb\u00e9 dibuixa.<\/p>\n<p><strong>Pere Ferrer Sanchis \u00e9s de formaci\u00f3<\/strong> periodista, especialitzat en comunicaci\u00f3 corporativa. En la seua traject\u00f2ria professional ha tingut l&#8217;oportunitat de treballar en ag\u00e8ncies de comunicaci\u00f3 i diferents mitjans a m\u00e9s de col\u00b7laborar en emissores de r\u00e0dio. Pere tamb\u00e9 ha exercit com a docent en Comunicaci\u00f3 i RRPP en ESIC Business School Val\u00e8ncia i, actualment, desenrotlla la seua professi\u00f3 en l&#8217;ag\u00e8ncia Aigua i Sal Comunicaci\u00f3.<\/p>\n","contenido_es":"<p>Amor de pareja, de familia, de amigos, a nuestros allegados\u2026el amor en sus m\u00faltiples formas, muchas de ellas desconocidas o que no sabemos incluso identificar&#8230; Amor que llegar\u00e1 a la Casa de Cultura de Burjassot <strong>de manos del burjassotense Pere Ferrer Sanchis<\/strong> que presenta su libro <strong><em>30 relatos de amor y un poema desesperado<\/em><\/strong>, de NPQ Editores del Grupo Editorial Sargantana. La presentaci\u00f3n tendr\u00e1 lugar el jueves 17 de septiembre a las 19.00 horas en la Sala de Audiovisuales.<\/p>\n<p>Con su amable sonrisa y su saber hacer en el mundo de las letras, <strong>Pere presentar\u00e1 una recopilaci\u00f3n de relatos en los que se cruzan historias<\/strong> de amor escritas a lo largo de los \u00faltimos 30 a\u00f1os, entrelazadas todas ellas con la trama de la imaginaci\u00f3n y la urdimbre de la realidad vivida, para ir dando forma a la visi\u00f3n que el autor tiene de las distintas formas de amor.<\/p>\n<p>Historias que muestran el amor que se reconoce en la pareja, en el seno de la familia, el paternal o el que sustenta la amistad. Tambi\u00e9n el amor que, en ocasiones, manifestamos por nuestra profesi\u00f3n o el que demostramos hacia nuestros allegados o vecinos. O aquel que incluso intuimos o imaginamos entre desconocidos.<\/p>\n<p>Pero como la realidad, que siempre nos muestra dos caras, <strong>tambi\u00e9n hay entre estas p\u00e1ginas desamor, desafecci\u00f3n, desapego y, en definitiva, una mirada cada vez m\u00e1s transparente de alguien que vive pegado<\/strong> a un teclado y con un boli o l\u00e1piz siempre en su mano izquierda y que cuando no escribe\u2026 a veces tambi\u00e9n dibuja.<\/p>\n<p>Pere Ferrer Sanchis <strong>es de formaci\u00f3n periodista, especializado en comunicaci\u00f3n corporativa<\/strong>. En su trayectoria profesional ha tenido la oportunidad de trabajar en agencias de comunicaci\u00f3n y distintos medios adem\u00e1s de colaborar en emisoras de radio. Pere tambi\u00e9n ha ejercido como docente en Comunicaci\u00f3n y RRPP en ESIC Business School Valencia y, actualmente, desarrolla su profesi\u00f3n en la agencia Agua y Sal Comunicaci\u00f3n.<\/p>\n"},{"id":76991,"fecha_creacion":"2026-08-13 11:46:52","fecha_modificacion":"2026-09-01 10:25:39","imagen_mini":"https:\/\/www.burjassot.org\/wp-content\/uploads\/2025\/09\/24-01-31_biblio_miercoles-de-cuento-03-150x150.png","imagen_grande":"https:\/\/www.burjassot.org\/wp-content\/uploads\/2025\/09\/24-01-31_biblio_miercoles-de-cuento-03.png","titulo_va":"Els dimecres de conte a la Biblioteca Infantil de Burjassot inicien les activitats d&#8217;animaci\u00f3 lectora al setembre","titulo_es":"Los mi\u00e9rcoles de cuento en la Biblioteca Infantil de Burjassot inician las actividades de animaci\u00f3n lectora en septiembre","contenido_va":"<p>Setembre comen\u00e7a amb for\u00e7a per a les Biblioteques Municipals de Burjassot que<strong> reprenen les seues activitats d&#8217;animaci\u00f3 lectora i de foment de la lectura<\/strong> dirigides a tota la poblaci\u00f3.<\/p>\n<p>La primera de les activitats <strong>que reunir\u00e0 les i els usuaris de la Biblioteca Infantil ser\u00e0 el nou cicle dels dimecres lectors, dins del projecte d&#8217;animaci\u00f3 lectora \u201cYo te cuento\/ Jo et conte\u201d.<\/strong> El projecte, consolidat ja en el citat espai municipal, dona l&#8217;oportunitat de participar a les i els burjassoters en la lectura de nous llibres que desperten l&#8217;h\u00e0bit lector en els m\u00e9s xiquets de la casa.<\/p>\n<p>Aventures, hist\u00f2ries per descobrir, gaudir de la lectura de nous llibres\u2026tot aix\u00f2 i molt m\u00e9s \u00e9s el que es trobaran les i els usuaris de la Biblioteca Infantil <strong>els dies 2, 9, 16 i 23 de setembre<\/strong> a partir de les 18.00 hores en el citat espai municipal.<\/p>\n<p>Fins i tot els xiquets que no s\u00e0pien llegir encara poden ser part d&#8217;esta activitat ja que podran escoltar les lectures narrades i llegides pels majors, descobrint, en la seua veu, les ventures m\u00e9s especials que fan que els llibres traslladen al lector i als seus oients, a mons de fantasia i d&#8217;hist\u00f2ries divertides, d&#8217;amor, de lluites o de riure, tot t\u00e9 cabuda en estos dimecres lectors.<\/p>\n","contenido_es":"<p>Septiembre <strong>empieza con fuerza para las Bibliotecas Municipales de Burjassot<\/strong> que retoman sus actividades de animaci\u00f3n lectora y de fomento de la lectura dirigidas a toda la poblaci\u00f3n.<\/p>\n<p>La primera de las actividades que va a reunir a las y los usuarios <strong>de la Biblioteca Infantil ser\u00e1 el nuevo ciclo de los mi\u00e9rcoles lectores<\/strong>, dentro del proyecto de animaci\u00f3n lectora <em>\u201cYo te cuento\/ Jo et conte\u201d. <\/em>El proyecto, consolidado ya en el citado espacio municipal, da la oportunidad de participar a las y los burjassotenses en la lectura de nuevos libros que despierten el h\u00e1bito lector en los m\u00e1s peques de la casa.<\/p>\n<p>Aventuras, historias por descubrir, disfrutar de la lectura de nuevos libros\u2026todo esto y mucho m\u00e1s es lo que se van a encontrar las y los usuarios de la <strong>Biblioteca Infantil los d\u00edas 2, 9, 16 y 23 de septiembre a partir de las 18.00 horas<\/strong> en el citado espacio municipal.<\/p>\n<p>Incluso los peques que no sepan leer todav\u00eda pueden ser parte de esta actividad ya que podr\u00e1n escuchar las lecturas narradas y le\u00eddas por los mayores, descubriendo, en su voz, las venturas m\u00e1s especiales que hacen que los libros trasladen al lector y a sus oyentes, a mundos de fantas\u00eda y de historias divertidas, de amor, de luchas o de risa, <strong>todo tiene cabida en estos mi\u00e9rcoles lectores<\/strong>.<\/p>\n"},{"id":76980,"fecha_creacion":"2026-08-11 13:29:40","fecha_modificacion":"2026-08-11 13:32:26","imagen_mini":"https:\/\/www.burjassot.org\/wp-content\/uploads\/2026\/08\/IMG_0380-150x150.jpg","imagen_grande":"https:\/\/www.burjassot.org\/wp-content\/uploads\/2026\/08\/IMG_0380.jpg","titulo_va":"L&#8217;Ajuntament de Burjassot firma un conveni de col\u00b7laboraci\u00f3 amb la Parr\u00f2quia de la Sant\u00edssima Trinitat","titulo_es":"El Ayuntamiento de Burjassot firma un convenio de colaboraci\u00f3n con la Parroquia de la Sant\u00edsima Trinidad","contenido_va":"<p><strong>L&#8217;Ajuntament de Burjassot, en la figura del seu Alcalde, Rafa Garc\u00eda, i la Parr\u00f2quia de la Sant\u00edssima Trinidad del municipi, representada pel rector d&#8217;esta, Rafael Pacheco<\/strong>, han firmat un conveni amb l&#8217;objectiu d&#8217;establir una <strong>col\u00b7laboraci\u00f3 entre les dos entitats per a l&#8217;execuci\u00f3 del projecte<\/strong> d&#8217;activitats relacionades amb l&#8217;atenci\u00f3 a les necessitats de les persones. En la firma tamb\u00e9 ha sigut present la <strong>Regidora de Servicis Socials de l&#8217;Ajuntament, Manuela Carrero<\/strong>.<\/p>\n<p>Amb la firma del conveni <strong>es promou tamb\u00e9 la cobertura de les necessitats b\u00e0siques, mitjan\u00e7ant el repartiment d&#8217;aliments i productes<\/strong> de primera necessitat i processos d&#8217;acompanyament que afavorisquen l&#8217;autonomia, la inclusi\u00f3 social, la promoci\u00f3 educativa i social de la inf\u00e0ncia i el desenrotllament integral de les fam\u00edlies del municipi que aix\u00ed ho necessiten.<\/p>\n<p>L&#8217;Ajuntament es compromet a concedir una subvenci\u00f3<strong> per import de 2.000\u20ac anuals<\/strong> durant la vig\u00e8ncia del conveni.<\/p>\n<p>Per part seua, la Parr\u00f2quia <strong>es compromet a executar el citat projecte \u00edntegrament<\/strong> durant quatre exercicis, des de la firma del conveni, i informar l&#8217;Ajuntament de tots els finan\u00e7aments p\u00fablics i privades rebudes per a la seua execuci\u00f3, aix\u00ed com a donar coneixement de l&#8217;ajuda aportada per part del Consistori i a portar un control dels beneficiaris atesos, entre altres accions.<\/p>\n","contenido_es":"<p>El Ayuntamiento de Burjassot, en la figura de su <strong>Alcalde, Rafa Garc\u00eda, y la Parroquia de la Sant\u00edsima Trinidad del municipio, representada por el p\u00e1rroco de esta, Rafael Pacheco<\/strong>, han firmado un convenio con el objetivo de <strong>establecer una colaboraci\u00f3n entre ambas entidades<\/strong> para la ejecuci\u00f3n del proyecto de actividades relacionadas con la atenci\u00f3n a las necesidades de las personas. En la firma tambi\u00e9n ha estado presente la <strong>Concejala de Servicios Sociales del Ayuntamiento, Manuela Carrero.<\/strong><\/p>\n<p>Con la firma del convenio se promueve tambi\u00e9n la cobertura de las necesidades b\u00e1sicas, mediante el reparto de alimentos y productos de primera necesidad y procesos de acompa\u00f1amiento que favorezcan la autonom\u00eda, la inclusi\u00f3n social, la promoci\u00f3n educativa y social de la infancia y el desarrollo integral de las familias del municipio que as\u00ed lo necesiten.<\/p>\n<p>El Ayuntamiento se compromete a conceder una subvenci\u00f3n por importe de 2.000\u20ac anuales durante la vigencia del convenio.<\/p>\n<p>Por su parte, <strong>la Parroquia se compromete a ejecutar el citado proyecto<\/strong> en su totalidad durante cuatro ejercicios, desde la firma del convenio, e informar al Ayuntamiento de todas las financiaciones p\u00fablicas y privadas recibidas para su ejecuci\u00f3n, as\u00ed como a dar conocimiento de la ayuda aportada por parte del Consistorio y a llevar un control de los beneficiarios atendidos, entre otras acciones.<\/p>\n"},{"id":76973,"fecha_creacion":"2026-08-11 13:20:37","fecha_modificacion":"2026-08-11 13:25:46","imagen_mini":"https:\/\/www.burjassot.org\/wp-content\/uploads\/2024\/04\/b_rutasculturales_rss_vlc-03-150x150.png","imagen_grande":"https:\/\/www.burjassot.org\/wp-content\/uploads\/2024\/04\/b_rutasculturales_rss_vlc-03.png","titulo_va":"El 4 de setembre s&#8217;obrin les inscripcions de les Rutes Culturals de Burjassot","titulo_es":"El 4 de septiembre se abren las inscripciones de las Rutas Culturales de Burjassot","contenido_va":"<p>Descobrir la hist\u00f2ria i el patrimoni de Burjassot fent un agradable passeig, con\u00e9ixer la vida de Vicent Andr\u00e9s Estell\u00e9s o la vinculaci\u00f3 de Blasco Ib\u00e1\u00f1ez amb Burjassot o entrar a Les Sitges i con\u00e9ixer part de la hist\u00f2ria del monument m\u00e9s emblem\u00e0tic de Burjassot.<\/p>\n<p><strong>Aix\u00f2 \u00e9s el que oferixen les Rutes Culturals de Burjassot que, de manera gratu\u00efta<\/strong>, tornen a protagonitzar la programaci\u00f3 cultural del municipi en els caps de setmana a partir de setembre. Totes les rutes, com s&#8217;ha assenyalat, s\u00f3n gratu\u00eftes i obriran les seues <strong>inscripcions el divendres 4 de setembre<\/strong> <a href=\"https:\/\/carpeta.burjassot.org\/rutas\/val\/Default.aspx\">PUNXANT AC\u00cd<\/a>.<\/p>\n<p><strong>La primera de les rutes<\/strong> ser\u00e0 la dedicada a la Hist\u00f2ria i el Patrimoni del municipi i tindr\u00e0 lloc el dissabte 26 de setembre, <strong>passant el testimoni<\/strong>, ja a l&#8217;octubre, a les visites de Les Sitges, els dissabtes dia 3 i 24, <strong>la de Vicent Andr\u00e9s Estell\u00e9s<\/strong>, el dissabte 17 d&#8217;octubre i <strong>la de Vicente Blasco Ib\u00e1\u00f1ez<\/strong>, el dissabte 31 d&#8217;octubre.<\/p>\n<p>Per al <strong>mes de novembre<\/strong>, s&#8217;han programat altres dos visites a Les Sitges, els dissabtes 7 i 21 mentres que la ruta sobre la hist\u00f2ria i el patrimoni tindr\u00e0 lloc el dissabte 14 i Blasco Ib\u00e1\u00f1ez ser\u00e0 el protagonista de la ruta del dia 28 de novembre.<\/p>\n<p><strong>Per a finalitzar l&#8217;any, el dissabte 12 de desembre<\/strong> Les Sitges tornaran a ser protagonistes de la visita cultural i, el dissabte 19 de desembre, ser\u00e0 el torn de la ruta sobre Vicent Andr\u00e9s Estell\u00e9s.<\/p>\n","contenido_es":"<p>Descubrir la historia y el patrimonio de Burjassot dando un agradable paseo, conocer la vida de Vicent Andr\u00e9s Estell\u00e9s o la vinculaci\u00f3n de Blasco Ib\u00e1\u00f1ez con Burjassot o entrar a Los Silos y conocer parte de la historia del monumento m\u00e1s emblem\u00e1tico de Burjassot.<\/p>\n<p>Esto <strong>es lo que ofrecen las Rutas Culturales de Burjassot que, de manera gratuita, vuelven a protagonizar la programaci\u00f3n cultural<\/strong> del municipio en los fines de semana a partir de septiembre. Todas las rutas, como se ha se\u00f1alado, son gratuitas y abrir\u00e1n sus inscripciones el viernes 4 de septiembre <a href=\"https:\/\/carpeta.burjassot.org\/rutas\/\">PINCHANDO AQU\u00cd<\/a>.<\/p>\n<p>La primera de las rutas ser\u00e1 la dedicada a la Historia y el Patrimonio del municipio y tendr\u00e1 lugar <strong>el s\u00e1bado 26 de septiembre<\/strong>, pasando el testigo, ya en octubre, <strong>a las visitas de Los Silos, los s\u00e1bados d\u00eda 3 y 24,<\/strong> la de Vicent Andr\u00e9s Estell\u00e9s, el s\u00e1bado 17 de octubre y la de Vicente Blasco Ib\u00e1\u00f1ez, el s\u00e1bado 31 de octubre.<\/p>\n<p><strong>Para el mes de noviembre<\/strong>, se han programado otras dos visitas a Los Silos, los s\u00e1bados 7 y 21 mientras que la ruta sobre la historia y el patrimonio tendr\u00e1 lugar el s\u00e1bado 14 y Blasco Ib\u00e1\u00f1ez ser\u00e1 el protagonista de la ruta del d\u00eda 28 de noviembre.<\/p>\n<p><strong>Para finalizar el a\u00f1o<\/strong>, el s\u00e1bado 12 de diciembre Los Silos volver\u00e1n a ser protagonistas de la visita cultural y, el s\u00e1bado 19 de diciembre, ser\u00e1 el turno de la ruta sobre Vicent Andr\u00e9s Estell\u00e9s.<\/p>\n"},{"id":76949,"fecha_creacion":"2026-08-10 14:01:56","fecha_modificacion":"2026-08-10 14:05:37","imagen_mini":"https:\/\/www.burjassot.org\/wp-content\/uploads\/2026\/08\/Tadeo-150x150.jpg","imagen_grande":"https:\/\/www.burjassot.org\/wp-content\/uploads\/2026\/08\/Tadeo.jpg","titulo_va":"\u00abTadeo Jones y la l\u00e1mpara maravillosa\u00bb tanquen la programaci\u00f3 d&#8217;agost de la Terrassa d&#8217;Estiu de Burjassot","titulo_es":"Tadeo Jones y la l\u00e1mpara maravillosa cierran la programaci\u00f3n de agosto de la Terraza de Verano de Burjassot","contenido_va":"<p>\u00daltims dies del mes d&#8217;agost i, amb ells, la Terrassa d&#8217;Estiu de Burjassot oferix als amants del cinema l&#8217;oportunitat de veure <strong><em>Tadeo Jones y la l\u00e1mpara maravillosa<\/em><\/strong> en una setmana pr\u00e0cticament completa de projeccions,<strong> del dimecres 26 al diumenge 30 d&#8217;agost. Tots els dies a les 22.15 hores<\/strong>.<\/p>\n<p>Quart lliurament de la saga Tadeo Jones en la qual Tadeo i Sara s\u00f3n ara pares d&#8217;Ol\u00edmpia, una adorable i intr\u00e8pida xiqueta de dos anys que fa que M\u00f2mia no porte b\u00e9 haver deixat de ser el centre d&#8217;atenci\u00f3. Mentres estan de vacacions a Londres, Sara seguix la pista cap a un objecte \u00fanic: el llum meravell\u00f3s de Les mil i una nits i, M\u00f2mia, presa de la gelosia, demana un desig: viatjar en el temps fins al moment en qu\u00e8 era jove i tots li volien.<\/p>\n<p>Tadeo i Sara han d&#8217;unir forces per a evitar que M\u00f2mia canvie el curs de la hist\u00f2ria i portar al grup (Jeff, Belzoni i Ramona inclosos) de tornada a casa, a la seua \u00e8poca. Esta nova aventura els portar\u00e0 a creuar l&#8217;Oce\u00e0 Atl\u00e0ntic des del Per\u00fa fins a Gr\u00e8cia, i d&#8217;all\u00ed pel cap alt profund Orient, fins a la mateixa cova d&#8217;Ali Bab\u00e1 i els quaranta lladres.<\/p>\n<p>Les entrades tenen un preu \u00fanic de quatre euros i poden adquirir-se <a href=\"https:\/\/exhicine.es\/cine\/auditori-burjassot\/\">PUNXANT AC\u00cd<\/a> i en la taquilla, des de 45 minuts abans de l&#8217;inici de cada projecci\u00f3.<\/p>\n","contenido_es":"<p>\u00daltimos d\u00edas del mes de agosto y, con ellos, la Terraza de Verano de Burjassot ofrece a los amantes del cine la oportunidad de ver <strong><em>Tadeo Jones y la l\u00e1mpara maravillosa<\/em><\/strong> en una semana pr\u00e1cticamente completa de proyecciones, <strong>del mi\u00e9rcoles 26 al domingo 30 de agosto. Todos los d\u00edas a las 22.15 horas. <\/strong><\/p>\n<p>Cuarta entrega de la saga <em>Tadeo Jones<\/em> en la que Tadeo y Sara son ahora padres de Olimpia, una adorable e intr\u00e9pida ni\u00f1a de dos a\u00f1os que hace que Momia no lleve bien haber dejado de ser el centro de atenci\u00f3n. Mientras est\u00e1n de vacaciones en Londres, Sara sigue la pista hacia un objeto \u00fanico: la l\u00e1mpara maravillosa de Las mil y una noches y, Momia, presa de los celos, pide un deseo: viajar en el tiempo hasta el momento en que era joven y todos le quer\u00edan.<\/p>\n<p>Tadeo y Sara tienen que unir fuerzas para evitar que Momia cambie el curso de la historia y traer al grupo (Jeff, Belzoni y Ramona incluidos) de vuelta a casa, a su \u00e9poca. Esta nueva aventura los llevar\u00e1 a cruzar el Oc\u00e9ano Atl\u00e1ntico desde Per\u00fa hasta Grecia, y de all\u00ed a lo m\u00e1s profundo de Oriente Medio, hasta la misma cueva de Ali Bab\u00e1 y los cuarenta ladrones.<\/p>\n<p>Las\u00a0entradas\u00a0tienen un\u00a0precio \u00fanico de cuatro euros\u00a0y pueden adquirirse\u00a0<a href=\"https:\/\/exhicine.es\/cine\/auditori-burjassot\/\">PINCHANDO AQU\u00cd\u00a0<\/a>y en la taquilla, desde 45 minutos antes del inicio de cada proyecci\u00f3n.<\/p>\n"},{"id":76942,"fecha_creacion":"2026-08-10 13:52:19","fecha_modificacion":"2026-08-10 13:58:45","imagen_mini":"https:\/\/www.burjassot.org\/wp-content\/uploads\/2026\/08\/Mill\u00f3n-150x150.jpg","imagen_grande":"https:\/\/www.burjassot.org\/wp-content\/uploads\/2026\/08\/Mill\u00f3n.jpg","titulo_va":"Atrapa el mill\u00f3n i Insidious: fuera del m\u00e1s all\u00e1, les noves pel\u00b7l\u00edcules que arriben a la Terrassa d&#8217;Estiu de Burjassot","titulo_es":"Atrapa el mill\u00f3n e Insidious: fuera del m\u00e1s all\u00e1, las nuevas pel\u00edculas que llegan a la Terraza de Verano de Burjassot","contenido_va":"<p>Del<strong> dimecres 19 al diumenge 23 d&#8217;agost, la Terrassa d&#8217;Estiu de Burjassot, situada a l&#8217;Auditori de la Casa de Cultura, oferix als amants del cinema dos noves estrenes cinematogr\u00e0fics:<\/strong> <em>Atrapa el mill\u00f3n <\/em>i <em>Insidious: fuera del m\u00e1s all\u00e1<\/em>, les dos a partir de les 22.15 hores.<\/p>\n<p>La primera de les pel\u00b7l\u00edcules a projectar-se a Burjassot ser\u00e0 <strong><em>Atrapa el mill\u00f3n<\/em><\/strong>, una coproducci\u00f3 entre Fran\u00e7a i B\u00e8lgica dirigida per Gr\u00e9goire Vigneron que t\u00e9 entre els actors del seu repartiment a Claire Chust, Christian Clavier o Rayane Bensetti, entre altres. El film narra la hist\u00f2ria de Stan que, conven\u00e7ut que no rebr\u00e0 l&#8217;ascens que espera, roba impulsivament de la caixa forta del seu cap una maleta amb un mili\u00f3 d&#8217;euros. Despr\u00e9s d&#8217;escapolir-se amb els diners, descobrix que en realitat s\u00ed li han donat el lloc somiat en l&#8217;empresa. Ara disposa d&#8217;una sola nit per a desfer el desastre i retornar els diners. Per a aconseguir-ho, comptar\u00e0 amb l&#8217;ajuda d&#8217;un many\u00e0 molt peculiar. <strong>Les projeccions seran dimecres 19 i dijous 20 d&#8217;agost.<\/strong><\/p>\n<p>Per part seua, <strong><em>Insidious: fuera del m\u00e1s all\u00e1<\/em> arribar\u00e0 a la Terrassa d&#8217;Estiu del divendres 21 al diumenge 23 d&#8217;agost<\/strong>. Pel\u00b7l\u00edcula de terror dirigida per Jacob Chase, mostra com Gemma, una jove mare que cria a la seua filla a la casa en la qual va cr\u00e9ixer descobrix que pot viatjar a \u00abEl M\u00e9s enll\u00e0\u00bb, el regne purgatorial de les \u00e0nimes perdudes situat en el cor de l&#8217;Univers Insidious. Quan una cosa maligna va despr\u00e9s d&#8217;ella, Gemma descobrix una habilitat que ho canvia tot: no sols pot viatjar a \u00abEl M\u00e9s enll\u00e0\u00bb, sin\u00f3 que tamb\u00e9 \u00e9s capa\u00e7 de portar de tornada al m\u00f3n real el que troba all\u00ed. Quan els dimonis s&#8217;adonen del seu poder, el m\u00f3n es convertix en el seu pati d&#8217;esbarjo.<\/p>\n<p>Les entrades tenen un preu \u00fanic de quatre euros i poden adquirir-se <a href=\"https:\/\/exhicine.es\/cine\/auditori-burjassot\/\">PUNXANT AC\u00cd<\/a> i en la taquilla, des de 45 minuts abans de l&#8217;inici de cada projecci\u00f3.<\/p>\n","contenido_es":"<p>Del mi\u00e9rcoles 19 al domingo 23 de agosto, la Terraza de Verano de Burjassot, ubicada en el Auditorio de la Casa de Cultura, ofrece a los amantes del cine dos nuevos estrenos cinematogr\u00e1ficos: <strong><em>Atrapa el mill\u00f3n<\/em> e <em>Insidious: fuera del m\u00e1s all\u00e1, <\/em><\/strong>ambas a partir de las 22.15 horas.<\/p>\n<p>La primera de las pel\u00edculas en proyectarse en Burjassot ser\u00e1 <strong><em>Atrapa el mill\u00f3n<\/em><\/strong>, una coproducci\u00f3n entre Francia y B\u00e9lgica dirigida por Gr\u00e9goire Vigneron que tiene entre los actores de su reparto a Claire Chust, Christian Clavier o Rayane Bensetti, entre otros. El filme narra la historia de Stan que, convencido de que no recibir\u00e1 el ascenso que espera, roba impulsivamente de la caja fuerte de su jefe una maleta con un mill\u00f3n de euros. Tras fugarse con el dinero, descubre que en realidad s\u00ed le han dado el puesto so\u00f1ado en la empresa. Ahora dispone de una sola noche para deshacer el desastre y devolver el dinero. Para lograrlo, contar\u00e1 con la ayuda de un cerrajero muy peculiar. Las proyecciones <strong>ser\u00e1n mi\u00e9rcoles 19 y jueves 20 de agosto<\/strong>.<\/p>\n<p>Por su parte, <strong><em>Insidious: fuera del m\u00e1s all\u00e1<\/em><\/strong> llegar\u00e1 a la Terraza de Verano del <strong>viernes 21 al domingo 23 de agosto<\/strong>. Pel\u00edcula de terror dirigida por Jacob Chase, muestra como Gemma, una joven madre que cr\u00eda a su hija en la casa en la que creci\u00f3 descubre que puede viajar a \u00abEl M\u00e1s All\u00e1\u00bb, el reino purgatorial de las almas perdidas situado en el coraz\u00f3n del Universo Insidious. Cuando algo maligno va tras ella, Gemma descubre una habilidad que lo cambia todo: no solo puede viajar a \u00abEl M\u00e1s All\u00e1\u00bb, sino que tambi\u00e9n es capaz de traer de vuelta al mundo real lo que encuentra all\u00ed. Cuando los demonios se dan cuenta de su poder, el mundo se convierte en su patio de recreo.<\/p>\n<p>Las\u00a0entradas\u00a0tienen un\u00a0precio \u00fanico de cuatro euros\u00a0y pueden adquirirse\u00a0<a href=\"https:\/\/exhicine.es\/cine\/auditori-burjassot\/\">PINCHANDO AQU\u00cd\u00a0<\/a>y en la taquilla, desde 45 minutos antes del inicio de cada proyecci\u00f3n.<\/p>\n"},{"id":76935,"fecha_creacion":"2026-08-10 13:40:16","fecha_modificacion":"2026-08-10 13:46:02","imagen_mini":"https:\/\/www.burjassot.org\/wp-content\/uploads\/2026\/08\/Patrulla-150x150.jpg","imagen_grande":"https:\/\/www.burjassot.org\/wp-content\/uploads\/2026\/08\/Patrulla.jpg","titulo_va":"Esta setmana arriben a la cartellera de la Terrassa d&#8217;Estiu \u00abLa patrulla canina: la Dino pel\u00edcula\u00bb i \u00abEl final de Oak street\u00bb","titulo_es":"Esta semana llegan a la cartelera de la Terraza de Verano La patrulla canina: la Dino pel\u00edcula y El final de Oak street","contenido_va":"<p>El mes d&#8217;agost continua avan\u00e7ant i, amb ell, <strong>la programaci\u00f3 cinematogr\u00e0fica de la Terrassa d&#8217;Estiu de Burjassot que, esta setmana, del dimecres 12 al diumenge 16 d&#8217;agost<\/strong>, oferix dos noves estrenes en la seua pantalla: \u00abLa patrulla canina: la Dino pel\u00edcula\u00bb i \u00abEl final de Oak street\u00bb<\/p>\n<p><strong>El dimecres 12 i el dijous 13 d&#8217;agost arriba a l&#8217;Auditori de la Casa de Cultura, a les 22.15 hores<\/strong>, la projecci\u00f3 de <em>La patrulla canina: la Dino pel\u00edcula<\/em> pensada per al p\u00fablic infantil i que compta com, despr\u00e9s que el vaixell quede atrapat en una misteriosa tempesta, els cadells de la Patrulla Canina naufraguen en una illa tropical inexplorada repleta de dinosaures. All\u00ed coneixen a Rex, un cadell que porta anys encallat a l&#8217;illa i que s&#8217;ha convertit en un aut\u00e8ntic expert en tot el relacionat amb els dis-nos. Quan el \u00abarchienemigo\u00bb de la Patrulla Canina, l&#8217;alcalde Humdinger, comen\u00e7a a explotar l&#8217;illa de manera imprudent amb la intenci\u00f3 d&#8217;aprofitar els seus recursos naturals, provoca accidentalment l&#8217;erupci\u00f3 d&#8217;un enorme volc\u00e0 inactiu. Els cadells de la Patrulla Canina s&#8217;enfronten als seus rescats m\u00e9s grans fins ara i han de detindre a Humdinger abans que l&#8217;illa desaparega.<\/p>\n<p><strong>Per al cap de setmana, del divendres 14 al diumenge 16 d&#8217;agost, la terrassa d&#8217;estiu projectar\u00e0 <em>El final de Oak Street<\/em>, una pel\u00b7l\u00edcula d&#8217;intriga<\/strong> protagonitzada, entre altres, per Anne Hathaway i Ewan McGregor. Despr\u00e9s que un misteri\u00f3s fenomen c\u00f2smic arrancada Oak Street del seu entorn suburb\u00e0 i transport als seus habitants a un lloc desconegut, la fam\u00edlia Platt prompte descobrix que la seua pr\u00f2pia superviv\u00e8ncia dep\u00e9n del fet que romanguen units mentres s&#8217;orienten en un entorn que ja no reconeixen.<\/p>\n<p>Les entrades tenen un preu \u00fanic de quatre euros i poden adquirir-se <a href=\"https:\/\/exhicine.es\/cine\/auditori-burjassot\/\">PUNXANT AC\u00cd<\/a> i en la taquilla, des de 45 minuts abans de l&#8217;inici de cada projecci\u00f3.<\/p>\n","contenido_es":"<p>El mes de agosto sigue avanzando y, con \u00e9l, la programaci\u00f3n cinematogr\u00e1fica de la Terraza de Verano de Burjassot que, esta semana, del mi\u00e9rcoles 12 al domingo 16 de agosto, ofrece dos nuevos estrenos en su pantalla: <em>La patrulla canina: la Dino pel\u00edcula <\/em>y<em> El final de Oak Street.<\/em><\/p>\n<p><em>\u00a0<\/em>El <strong>mi\u00e9rcoles 12 y el jueves 13 de agosto<\/strong> llega al Auditorio de la Casa de Cultura, a las 22.15 horas, la proyecci\u00f3n de <strong><em>La patrulla canina: La Dino pel\u00edcula<\/em><\/strong> pensada para el p\u00fablico infantil y que cuenta como, despu\u00e9s de que el barco quede atrapado en una misteriosa tormenta, los cachorros de la Patrulla Canina naufragan en una isla tropical inexplorada repleta de dinosaurios. All\u00ed conocen a Rex, un cachorro que lleva a\u00f1os varado en la isla y que se ha convertido en un aut\u00e9ntico experto en todo lo relacionado con los dinos. Cuando el archienemigo de la Patrulla Canina, el alcalde Humdinger, comienza a explotar la isla de forma imprudente con la intenci\u00f3n de aprovechar sus recursos naturales, provoca accidentalmente la erupci\u00f3n de un enorme volc\u00e1n inactivo. Los cachorros de la Patrulla Canina se enfrentan a sus rescates m\u00e1s grandes hasta ahora y deben detener a Humdinger antes de que la isla desaparezca.<\/p>\n<p>Para el fin de semana, del viernes 14 al domingo 16 de agosto, la terraza de verano proyectar\u00e1 <strong><em>El final de Oak Street<\/em><\/strong>, una pel\u00edcula de intriga protagonizada, entre otros, por Anne Hathaway y Ewan McGregor. Despu\u00e9s de que un misterioso fen\u00f3meno c\u00f3smico arranque Oak Street de su entorno suburbano y transporte a sus habitantes a un lugar desconocido, la familia Platt pronto descubre que su propia supervivencia depende de que permanezcan unidos mientras se orientan en un entorno que ya no reconocen.<\/p>\n<p>Las\u00a0entradas\u00a0tienen un\u00a0precio \u00fanico de cuatro euros\u00a0y pueden adquirirse\u00a0<a href=\"https:\/\/exhicine.es\/cine\/auditori-burjassot\/\">PINCHANDO AQU\u00cd\u00a0<\/a>y en la taquilla, desde 45 minutos antes del inicio de cada proyecci\u00f3n.<\/p>\n"}]